{"id":6838,"date":"2011-09-19T07:49:30","date_gmt":"2011-09-19T12:49:30","guid":{"rendered":"https:\/\/www.journalismcourses.org\/news\/gestao-de-redacoes-digitais-e-o-tema-do-proximo-webinario-do-centro-knight\/"},"modified":"2020-09-23T08:04:01","modified_gmt":"2020-09-23T13:04:01","slug":"gestao-de-redacoes-digitais-e-o-tema-do-proximo-webinario-do-centro-knight","status":"publish","type":"post","link":"https:\/\/journalismcourses.org\/pt-br\/gestao-de-redacoes-digitais-e-o-tema-do-proximo-webinario-do-centro-knight\/","title":{"rendered":"\u201cGest\u00e3o de Reda\u00e7\u00f5es Digitais\u201d \u00e9 o tema do pr\u00f3ximo webin\u00e1rio do Centro Knight"},"content":{"rendered":"<p><strong>As inscri\u00e7\u00f5es para os se encerram<\/strong><\/p>\n<p>O impacto das tecnologias digitais no jornalismo transformou as reda\u00e7\u00f5es tradicionais e criou novos desafios para os editores, que agora precisam tamb\u00e9m lidar com as edi\u00e7\u00f5es digitais de seus ve\u00edculos. Esses novos desafios ser\u00e3o o tema do webin\u00e1rio de duas horas que o Centro Knight oferecer\u00e1 na ter\u00e7a-feira 27 de setembro de 2011, com a consagrada jornalista colombiana Mar\u00eda Teresa Ronderos.<\/p>\n<p>O webin\u00e1rio \u201cGest\u00e3o de Reda\u00e7\u00f5es Digitais\u201d ajudar\u00e1 editores e respons\u00e1veis por reda\u00e7\u00f5es digitais a entender melhor os processos de produ\u00e7\u00e3o online, a administrar um ambiente de colabora\u00e7\u00e3o e tarefas simult\u00e2neas e a lidar com quest\u00f5es \u00e9ticas.<\/p>\n<p>&#8220;O webin\u00e1rio busca discutir como os editores e respons\u00e1veis por portais de internet podem manter uma qualidade jornal\u00edstica e, ao mesmo tempo, dar conta das exig\u00eancias do ambiente digital&#8221;, disse Mar\u00eda Teresa Ronderos. &#8220;Faremos uma revis\u00e3o de como usar as redes sociais, como lidar com a interatividade e o conte\u00fado gerado pelos usu\u00e1rios para melhorar o alcance e a qualidade dos ve\u00edculos&#8221;, acrescentou.<\/p>\n<p>O webin\u00e1rio ser\u00e1 em espanhol e acontecer\u00e1 entre 15h e 17h do dia 27 de setembro (<a href=\"http:\/\/www.timeanddate.com\/library\/abbreviations\/timezones\/na\/cdt.html\">hor\u00e1rio de Austin, no Texas<\/a>). As inscri\u00e7\u00f5es poder\u00e3o ser feitas at\u00e9 as 7h (<a href=\"http:\/\/www.timeanddate.com\/library\/abbreviations\/timezones\/na\/cdt.html\">tamb\u00e9m no hor\u00e1rio de Austin<\/a>) do dia 27.<\/p>\n<p>Ronderos, assessora editorial da revista colombiana\u00a0<a href=\"http:\/\/semana.com\/\">Semana<\/a>\u00a0e diretora do portal\u00a0<a href=\"https:\/\/utw10693.utweb.utexas.edu\/pt-br\/www.verdadabierta.com\">www.verdadabierta.com<\/a>, que criou quando comandava a edi\u00e7\u00e3o digital da Semana, \u00e9 uma reconhecida jornalista colombiana, com grande experi\u00eancia como editora em TV, imprensa escrita e internet. Ela \u00e9 autora dos livros &#8220;Retratos do Poder&#8221; e &#8220;5 em Humor&#8221; e seus trabalhos investigativos e reportagens ganharam diversos pr\u00eamios, entre eles o Rey de Espa\u00f1a e o Lorenzo Natali, da Uni\u00e3o Europ\u00e9ia.<\/p>\n<p>O Centro Knight para o Jornalismo nas Am\u00e9ricas foi criado pelo professor Rosental Alves, na Universidade do Texas em Austin, em agosto de 2002, gra\u00e7as a generosas doa\u00e7\u00f5es da\u00a0<a href=\"http:\/\/www.knightfoundation.org\/\">John S. and James L. Knight Foundation<\/a>. O Centro tamb\u00e9m recebe contribui\u00e7\u00f5es de outros doadores, como as Funda\u00e7\u00f5es Open Society e a Universidade do Texas em Austin. O principal objetivo do Centro Knight \u00e9 ajudar jornalistas da Am\u00e9rica Latina e do Caribe a melhorar a qualidade do jornalismo em seus pa\u00edses.<\/p>\n","protected":false},"excerpt":{"rendered":"<p>As inscri\u00e7\u00f5es para os se encerram O impacto das tecnologias digitais no jornalismo transformou as reda\u00e7\u00f5es tradicionais e criou novos desafios para os editores, que agora precisam tamb\u00e9m lidar com as edi\u00e7\u00f5es digitais de seus ve\u00edculos. Esses novos desafios ser\u00e3o o tema do webin\u00e1rio de duas horas que o Centro Knight oferecer\u00e1 na ter\u00e7a-feira 27 [&hellip;]<\/p>\n","protected":false},"author":14,"featured_media":0,"comment_status":"closed","ping_status":"closed","sticky":false,"template":"","format":"standard","meta":{"_acf_changed":false,"footnotes":""},"categories":[13],"tags":[],"class_list":["post-6838","post","type-post","status-publish","format-standard","hentry","category-nao-categorizado"],"acf":[],"yoast_head":"<!-- This site is optimized with the Yoast SEO Premium plugin v22.9 (Yoast SEO v27.3) - https:\/\/yoast.com\/product\/yoast-seo-premium-wordpress\/ -->\n<title>\u201cGest\u00e3o de Reda\u00e7\u00f5es Digitais\u201d \u00e9 o tema do pr\u00f3ximo webin\u00e1rio do Centro Knight - Journalism Courses by Knight Center<\/title>\n<meta name=\"robots\" content=\"index, follow, max-snippet:-1, max-image-preview:large, max-video-preview:-1\" \/>\n<link rel=\"canonical\" href=\"https:\/\/journalismcourses.org\/pt-br\/gestao-de-redacoes-digitais-e-o-tema-do-proximo-webinario-do-centro-knight\/\" \/>\n<meta property=\"og:locale\" content=\"pt_BR\" \/>\n<meta property=\"og:type\" content=\"article\" \/>\n<meta property=\"og:title\" content=\"\u201cGest\u00e3o de Reda\u00e7\u00f5es Digitais\u201d \u00e9 o tema do pr\u00f3ximo webin\u00e1rio do Centro Knight\" \/>\n<meta property=\"og:description\" content=\"As inscri\u00e7\u00f5es para os se encerram O impacto das tecnologias digitais no jornalismo transformou as reda\u00e7\u00f5es tradicionais e criou novos desafios para os editores, que agora precisam tamb\u00e9m lidar com as edi\u00e7\u00f5es digitais de seus ve\u00edculos. Esses novos desafios ser\u00e3o o tema do webin\u00e1rio de duas horas que o Centro Knight oferecer\u00e1 na ter\u00e7a-feira 27 [&hellip;]\" \/>\n<meta property=\"og:url\" content=\"https:\/\/journalismcourses.org\/pt-br\/gestao-de-redacoes-digitais-e-o-tema-do-proximo-webinario-do-centro-knight\/\" \/>\n<meta property=\"og:site_name\" content=\"Journalism Courses by Knight Center\" \/>\n<meta property=\"article:published_time\" content=\"2011-09-19T12:49:30+00:00\" \/>\n<meta property=\"article:modified_time\" content=\"2020-09-23T13:04:01+00:00\" \/>\n<meta name=\"author\" content=\"Knight Center\" \/>\n<meta name=\"twitter:card\" content=\"summary_large_image\" \/>\n<meta name=\"twitter:label1\" content=\"Written by\" \/>\n\t<meta name=\"twitter:data1\" content=\"Knight Center\" \/>\n\t<meta name=\"twitter:label2\" content=\"Est. reading time\" \/>\n\t<meta name=\"twitter:data2\" content=\"2 minutos\" \/>\n<script type=\"application\/ld+json\" class=\"yoast-schema-graph\">{\"@context\":\"https:\\\/\\\/schema.org\",\"@graph\":[{\"@type\":\"Article\",\"@id\":\"https:\\\/\\\/journalismcourses.org\\\/pt-br\\\/gestao-de-redacoes-digitais-e-o-tema-do-proximo-webinario-do-centro-knight\\\/#article\",\"isPartOf\":{\"@id\":\"https:\\\/\\\/journalismcourses.org\\\/pt-br\\\/gestao-de-redacoes-digitais-e-o-tema-do-proximo-webinario-do-centro-knight\\\/\"},\"author\":{\"name\":\"Knight Center\",\"@id\":\"https:\\\/\\\/journalismcourses.org\\\/pt-br\\\/#\\\/schema\\\/person\\\/25bc79217508b12f5d9501892e385e40\"},\"headline\":\"\u201cGest\u00e3o de Reda\u00e7\u00f5es Digitais\u201d \u00e9 o tema do pr\u00f3ximo webin\u00e1rio do Centro Knight\",\"datePublished\":\"2011-09-19T12:49:30+00:00\",\"dateModified\":\"2020-09-23T13:04:01+00:00\",\"mainEntityOfPage\":{\"@id\":\"https:\\\/\\\/journalismcourses.org\\\/pt-br\\\/gestao-de-redacoes-digitais-e-o-tema-do-proximo-webinario-do-centro-knight\\\/\"},\"wordCount\":410,\"articleSection\":[\"N\u00e3o categorizado\"],\"inLanguage\":\"pt-BR\"},{\"@type\":\"WebPage\",\"@id\":\"https:\\\/\\\/journalismcourses.org\\\/pt-br\\\/gestao-de-redacoes-digitais-e-o-tema-do-proximo-webinario-do-centro-knight\\\/\",\"url\":\"https:\\\/\\\/journalismcourses.org\\\/pt-br\\\/gestao-de-redacoes-digitais-e-o-tema-do-proximo-webinario-do-centro-knight\\\/\",\"name\":\"\u201cGest\u00e3o de Reda\u00e7\u00f5es Digitais\u201d \u00e9 o tema do pr\u00f3ximo webin\u00e1rio do Centro Knight - Journalism Courses by Knight Center\",\"isPartOf\":{\"@id\":\"https:\\\/\\\/journalismcourses.org\\\/pt-br\\\/#website\"},\"datePublished\":\"2011-09-19T12:49:30+00:00\",\"dateModified\":\"2020-09-23T13:04:01+00:00\",\"author\":{\"@id\":\"https:\\\/\\\/journalismcourses.org\\\/pt-br\\\/#\\\/schema\\\/person\\\/25bc79217508b12f5d9501892e385e40\"},\"breadcrumb\":{\"@id\":\"https:\\\/\\\/journalismcourses.org\\\/pt-br\\\/gestao-de-redacoes-digitais-e-o-tema-do-proximo-webinario-do-centro-knight\\\/#breadcrumb\"},\"inLanguage\":\"pt-BR\",\"potentialAction\":[{\"@type\":\"ReadAction\",\"target\":[\"https:\\\/\\\/journalismcourses.org\\\/pt-br\\\/gestao-de-redacoes-digitais-e-o-tema-do-proximo-webinario-do-centro-knight\\\/\"]}]},{\"@type\":\"BreadcrumbList\",\"@id\":\"https:\\\/\\\/journalismcourses.org\\\/pt-br\\\/gestao-de-redacoes-digitais-e-o-tema-do-proximo-webinario-do-centro-knight\\\/#breadcrumb\",\"itemListElement\":[{\"@type\":\"ListItem\",\"position\":1,\"name\":\"Home\",\"item\":\"https:\\\/\\\/journalismcourses.org\\\/pt-br\\\/\"},{\"@type\":\"ListItem\",\"position\":2,\"name\":\"\u201cGest\u00e3o de Reda\u00e7\u00f5es Digitais\u201d \u00e9 o tema do pr\u00f3ximo webin\u00e1rio do Centro Knight\"}]},{\"@type\":\"WebSite\",\"@id\":\"https:\\\/\\\/journalismcourses.org\\\/pt-br\\\/#website\",\"url\":\"https:\\\/\\\/journalismcourses.org\\\/pt-br\\\/\",\"name\":\"Journalism Courses by Knight Center\",\"description\":\"Online courses for journalists\",\"potentialAction\":[{\"@type\":\"SearchAction\",\"target\":{\"@type\":\"EntryPoint\",\"urlTemplate\":\"https:\\\/\\\/journalismcourses.org\\\/pt-br\\\/?s={search_term_string}\"},\"query-input\":{\"@type\":\"PropertyValueSpecification\",\"valueRequired\":true,\"valueName\":\"search_term_string\"}}],\"inLanguage\":\"pt-BR\"},{\"@type\":\"Person\",\"@id\":\"https:\\\/\\\/journalismcourses.org\\\/pt-br\\\/#\\\/schema\\\/person\\\/25bc79217508b12f5d9501892e385e40\",\"name\":\"Knight Center\",\"image\":{\"@type\":\"ImageObject\",\"inLanguage\":\"pt-BR\",\"@id\":\"https:\\\/\\\/secure.gravatar.com\\\/avatar\\\/0836acbff0977073f1e36f3457d8748a2b9c85d9bb0cd0fedb308c4a19f826e2?s=96&d=mm&r=g\",\"url\":\"https:\\\/\\\/secure.gravatar.com\\\/avatar\\\/0836acbff0977073f1e36f3457d8748a2b9c85d9bb0cd0fedb308c4a19f826e2?s=96&d=mm&r=g\",\"contentUrl\":\"https:\\\/\\\/secure.gravatar.com\\\/avatar\\\/0836acbff0977073f1e36f3457d8748a2b9c85d9bb0cd0fedb308c4a19f826e2?s=96&d=mm&r=g\",\"caption\":\"Knight Center\"},\"url\":\"https:\\\/\\\/journalismcourses.org\\\/pt-br\\\/author\\\/knight-center\\\/\"}]}<\/script>\n<!-- \/ Yoast SEO Premium plugin. -->","yoast_head_json":{"title":"\u201cGest\u00e3o de Reda\u00e7\u00f5es Digitais\u201d \u00e9 o tema do pr\u00f3ximo webin\u00e1rio do Centro Knight - Journalism Courses by Knight Center","robots":{"index":"index","follow":"follow","max-snippet":"max-snippet:-1","max-image-preview":"max-image-preview:large","max-video-preview":"max-video-preview:-1"},"canonical":"https:\/\/journalismcourses.org\/pt-br\/gestao-de-redacoes-digitais-e-o-tema-do-proximo-webinario-do-centro-knight\/","og_locale":"pt_BR","og_type":"article","og_title":"\u201cGest\u00e3o de Reda\u00e7\u00f5es Digitais\u201d \u00e9 o tema do pr\u00f3ximo webin\u00e1rio do Centro Knight","og_description":"As inscri\u00e7\u00f5es para os se encerram O impacto das tecnologias digitais no jornalismo transformou as reda\u00e7\u00f5es tradicionais e criou novos desafios para os editores, que agora precisam tamb\u00e9m lidar com as edi\u00e7\u00f5es digitais de seus ve\u00edculos. Esses novos desafios ser\u00e3o o tema do webin\u00e1rio de duas horas que o Centro Knight oferecer\u00e1 na ter\u00e7a-feira 27 [&hellip;]","og_url":"https:\/\/journalismcourses.org\/pt-br\/gestao-de-redacoes-digitais-e-o-tema-do-proximo-webinario-do-centro-knight\/","og_site_name":"Journalism Courses by Knight Center","article_published_time":"2011-09-19T12:49:30+00:00","article_modified_time":"2020-09-23T13:04:01+00:00","author":"Knight Center","twitter_card":"summary_large_image","twitter_misc":{"Written by":"Knight Center","Est. reading time":"2 minutos"},"schema":{"@context":"https:\/\/schema.org","@graph":[{"@type":"Article","@id":"https:\/\/journalismcourses.org\/pt-br\/gestao-de-redacoes-digitais-e-o-tema-do-proximo-webinario-do-centro-knight\/#article","isPartOf":{"@id":"https:\/\/journalismcourses.org\/pt-br\/gestao-de-redacoes-digitais-e-o-tema-do-proximo-webinario-do-centro-knight\/"},"author":{"name":"Knight Center","@id":"https:\/\/journalismcourses.org\/pt-br\/#\/schema\/person\/25bc79217508b12f5d9501892e385e40"},"headline":"\u201cGest\u00e3o de Reda\u00e7\u00f5es Digitais\u201d \u00e9 o tema do pr\u00f3ximo webin\u00e1rio do Centro Knight","datePublished":"2011-09-19T12:49:30+00:00","dateModified":"2020-09-23T13:04:01+00:00","mainEntityOfPage":{"@id":"https:\/\/journalismcourses.org\/pt-br\/gestao-de-redacoes-digitais-e-o-tema-do-proximo-webinario-do-centro-knight\/"},"wordCount":410,"articleSection":["N\u00e3o categorizado"],"inLanguage":"pt-BR"},{"@type":"WebPage","@id":"https:\/\/journalismcourses.org\/pt-br\/gestao-de-redacoes-digitais-e-o-tema-do-proximo-webinario-do-centro-knight\/","url":"https:\/\/journalismcourses.org\/pt-br\/gestao-de-redacoes-digitais-e-o-tema-do-proximo-webinario-do-centro-knight\/","name":"\u201cGest\u00e3o de Reda\u00e7\u00f5es Digitais\u201d \u00e9 o tema do pr\u00f3ximo webin\u00e1rio do Centro Knight - Journalism Courses by Knight Center","isPartOf":{"@id":"https:\/\/journalismcourses.org\/pt-br\/#website"},"datePublished":"2011-09-19T12:49:30+00:00","dateModified":"2020-09-23T13:04:01+00:00","author":{"@id":"https:\/\/journalismcourses.org\/pt-br\/#\/schema\/person\/25bc79217508b12f5d9501892e385e40"},"breadcrumb":{"@id":"https:\/\/journalismcourses.org\/pt-br\/gestao-de-redacoes-digitais-e-o-tema-do-proximo-webinario-do-centro-knight\/#breadcrumb"},"inLanguage":"pt-BR","potentialAction":[{"@type":"ReadAction","target":["https:\/\/journalismcourses.org\/pt-br\/gestao-de-redacoes-digitais-e-o-tema-do-proximo-webinario-do-centro-knight\/"]}]},{"@type":"BreadcrumbList","@id":"https:\/\/journalismcourses.org\/pt-br\/gestao-de-redacoes-digitais-e-o-tema-do-proximo-webinario-do-centro-knight\/#breadcrumb","itemListElement":[{"@type":"ListItem","position":1,"name":"Home","item":"https:\/\/journalismcourses.org\/pt-br\/"},{"@type":"ListItem","position":2,"name":"\u201cGest\u00e3o de Reda\u00e7\u00f5es Digitais\u201d \u00e9 o tema do pr\u00f3ximo webin\u00e1rio do Centro Knight"}]},{"@type":"WebSite","@id":"https:\/\/journalismcourses.org\/pt-br\/#website","url":"https:\/\/journalismcourses.org\/pt-br\/","name":"Journalism Courses by Knight Center","description":"Online courses for journalists","potentialAction":[{"@type":"SearchAction","target":{"@type":"EntryPoint","urlTemplate":"https:\/\/journalismcourses.org\/pt-br\/?s={search_term_string}"},"query-input":{"@type":"PropertyValueSpecification","valueRequired":true,"valueName":"search_term_string"}}],"inLanguage":"pt-BR"},{"@type":"Person","@id":"https:\/\/journalismcourses.org\/pt-br\/#\/schema\/person\/25bc79217508b12f5d9501892e385e40","name":"Knight Center","image":{"@type":"ImageObject","inLanguage":"pt-BR","@id":"https:\/\/secure.gravatar.com\/avatar\/0836acbff0977073f1e36f3457d8748a2b9c85d9bb0cd0fedb308c4a19f826e2?s=96&d=mm&r=g","url":"https:\/\/secure.gravatar.com\/avatar\/0836acbff0977073f1e36f3457d8748a2b9c85d9bb0cd0fedb308c4a19f826e2?s=96&d=mm&r=g","contentUrl":"https:\/\/secure.gravatar.com\/avatar\/0836acbff0977073f1e36f3457d8748a2b9c85d9bb0cd0fedb308c4a19f826e2?s=96&d=mm&r=g","caption":"Knight Center"},"url":"https:\/\/journalismcourses.org\/pt-br\/author\/knight-center\/"}]}},"_links":{"self":[{"href":"https:\/\/journalismcourses.org\/pt-br\/wp-json\/wp\/v2\/posts\/6838","targetHints":{"allow":["GET"]}}],"collection":[{"href":"https:\/\/journalismcourses.org\/pt-br\/wp-json\/wp\/v2\/posts"}],"about":[{"href":"https:\/\/journalismcourses.org\/pt-br\/wp-json\/wp\/v2\/types\/post"}],"author":[{"embeddable":true,"href":"https:\/\/journalismcourses.org\/pt-br\/wp-json\/wp\/v2\/users\/14"}],"replies":[{"embeddable":true,"href":"https:\/\/journalismcourses.org\/pt-br\/wp-json\/wp\/v2\/comments?post=6838"}],"version-history":[{"count":1,"href":"https:\/\/journalismcourses.org\/pt-br\/wp-json\/wp\/v2\/posts\/6838\/revisions"}],"predecessor-version":[{"id":6840,"href":"https:\/\/journalismcourses.org\/pt-br\/wp-json\/wp\/v2\/posts\/6838\/revisions\/6840"}],"wp:attachment":[{"href":"https:\/\/journalismcourses.org\/pt-br\/wp-json\/wp\/v2\/media?parent=6838"}],"wp:term":[{"taxonomy":"category","embeddable":true,"href":"https:\/\/journalismcourses.org\/pt-br\/wp-json\/wp\/v2\/categories?post=6838"},{"taxonomy":"post_tag","embeddable":true,"href":"https:\/\/journalismcourses.org\/pt-br\/wp-json\/wp\/v2\/tags?post=6838"}],"curies":[{"name":"wp","href":"https:\/\/api.w.org\/{rel}","templated":true}]}}