{"id":14333,"date":"2022-02-11T11:42:05","date_gmt":"2022-02-11T17:42:05","guid":{"rendered":"https:\/\/dev-journalismcourses.pantheonsite.io\/?p=14333"},"modified":"2022-02-11T11:42:05","modified_gmt":"2022-02-11T17:42:05","slug":"desinformacao-sobre-covid-19-alimenta-hesitacao-sobre-vacinas-dizem-painelistas-em-webinar","status":"publish","type":"post","link":"https:\/\/journalismcourses.org\/pt-br\/desinformacao-sobre-covid-19-alimenta-hesitacao-sobre-vacinas-dizem-painelistas-em-webinar\/","title":{"rendered":"Desinforma\u00e7\u00e3o sobre COVID-19 alimenta hesita\u00e7\u00e3o sobre vacinas, dizem painelistas em webinar"},"content":{"rendered":"<p>Um grupo de experientes jornalistas cient\u00edficos, comunicadores e especialistas em sa\u00fade de todo o mundo discutiu como melhorar a cobertura da COVID-19 em uma sess\u00e3o que se concentrou especialmente no combate \u00e0 desinforma\u00e7\u00e3o sobre a pandemia e as vacinas.<\/p>\n<p>O painel, moderado por Deborah Blum, diretora do programa Knight Science Journalism no MIT, concentrou-se em como os jornalistas devem superar os desafios ao reportar sobre novas variantes do v\u00edrus da COVID-19, desenvolvimento de vacinas e medicamentos.<\/p>\n<p>Durante o webinar, palestrantes e participantes desta sess\u00e3o altamente interativa compartilharam suas experi\u00eancias sobre como as vacinas contra a COVID-19 s\u00e3o distribu\u00eddas em todo o mundo. Eles apontaram preocupa\u00e7\u00f5es crescentes sobre os pap\u00e9is que a confian\u00e7a, a cren\u00e7a em teorias da conspira\u00e7\u00e3o e a dissemina\u00e7\u00e3o de desinforma\u00e7\u00e3o nas m\u00eddias sociais desempenham no impacto da hesita\u00e7\u00e3o sobre vacinas, especialmente em pa\u00edses de baixa e m\u00e9dia renda na \u00c1frica Subsaariana.<\/p>\n<figure id=\"attachment_14276\" aria-describedby=\"caption-attachment-14276\" style=\"width: 1024px\" class=\"wp-caption aligncenter\"><img fetchpriority=\"high\" decoding=\"async\" class=\"wp-image-14277 size-large\" src=\"https:\/\/dev-journalismcourses.pantheonsite.io\/wp-content\/uploads\/2022\/02\/Screen-Shot-2022-02-10-at-8.59.29-PM-1024x531.png\" alt=\"Panel 3 of COVID-19 webinar\" width=\"1024\" height=\"531\" srcset=\"https:\/\/journalismcourses.org\/wp-content\/uploads\/2022\/02\/Screen-Shot-2022-02-10-at-8.59.29-PM-1024x531.png 1024w, https:\/\/journalismcourses.org\/wp-content\/uploads\/2022\/02\/Screen-Shot-2022-02-10-at-8.59.29-PM-300x156.png 300w, https:\/\/journalismcourses.org\/wp-content\/uploads\/2022\/02\/Screen-Shot-2022-02-10-at-8.59.29-PM-768x398.png 768w, https:\/\/journalismcourses.org\/wp-content\/uploads\/2022\/02\/Screen-Shot-2022-02-10-at-8.59.29-PM-1536x796.png 1536w, https:\/\/journalismcourses.org\/wp-content\/uploads\/2022\/02\/Screen-Shot-2022-02-10-at-8.59.29-PM-2048x1062.png 2048w\" sizes=\"(max-width: 1024px) 100vw, 1024px\" \/><figcaption id=\"caption-attachment-14276\" class=\"wp-caption-text\">Painelistas do webinar sobre a cobertura da COVID-19: Deborah Blum, Mohammed Yahia, Amy Maxmen, Akin Jimoh, Josh Michaud e Margaret Harris (Captura de tela)<\/figcaption><\/figure>\n<p>O evento foi organizado pelo Centro Knight para o Jornalismo nas Am\u00e9ricas da Universidade do Texas em Austin, em parceria com a UNESCO, financiado pela Organiza\u00e7\u00e3o Mundial da Sa\u00fade e pelo Programa Multidoadores da UNESCO sobre Liberdade de Express\u00e3o e Seguran\u00e7a de Jornalistas. As grava\u00e7\u00f5es do webinar podem ser encontradas na p\u00e1gina do Centro Knight no YouTube em\u00a0<a href=\"https:\/\/youtu.be\/CDyGtECb09g\">ingl\u00eas<\/a>,\u00a0<a href=\"https:\/\/youtu.be\/1cQo7_2bIC0\">\u00e1rabe<\/a>,\u00a0<a href=\"https:\/\/youtu.be\/B-7bT-l2hSM\">franc\u00eas<\/a>,\u00a0<a href=\"https:\/\/youtu.be\/ifhnvIsXodg\">portugu\u00eas<\/a> e\u00a0<a href=\"https:\/\/youtu.be\/T2fNgyW9TB4\">espanhol<\/a>.<\/p>\n<p>A maioria dos participantes do painel expressou suas convic\u00e7\u00f5es de que a hesita\u00e7\u00e3o sobre vacinas \u00e9 motivada principalmente por desinforma\u00e7\u00e3o e preocupa\u00e7\u00e3o genu\u00edna em rela\u00e7\u00e3o aos benef\u00edcios e riscos das vacinas.<\/p>\n<p>No entanto, a situa\u00e7\u00e3o varia de uma regi\u00e3o para outra. <a href=\"https:\/\/www.unicef.org\/press-releases\/g20-members-have-received-15-times-more-covid-19-vaccine-doses-capita-sub-saharan\">Uma nova an\u00e1lise<\/a> mostra que os pa\u00edses do G20 receberam 15 vezes mais doses de vacinas contra a COVID-19 per capita do que os pa\u00edses da \u00c1frica Subsaariana.<\/p>\n<p>A Organiza\u00e7\u00e3o Mundial da Sa\u00fade (OMS) mostra que <a href=\"https:\/\/www.afro.who.int\/news\/key-lessons-africas-covid-19-vaccine-rollout\">apenas cerca de 8% das pessoas no continente africano foram totalmente vacinadas<\/a> contra a COVID-19, com apenas 4% da popula\u00e7\u00e3o africana em geral tendo recebido uma \u00fanica dose. Em compara\u00e7\u00e3o, <a href=\"https:\/\/www.washingtonpost.com\/health\/2021\/12\/19\/booster-numbers-omicron-variant-surge\/\">mais de 60,2 milh\u00f5es de doses de refor\u00e7o foram administradas nos EUA<\/a> em dezembro de 2021.<\/p>\n<p><i><strong>Hesita\u00e7\u00e3o sobre vacinas<\/strong><\/i><\/p>\n<p><img decoding=\"async\" class=\"alignright wp-image-14280\" src=\"https:\/\/dev-journalismcourses.pantheonsite.io\/wp-content\/uploads\/2022\/02\/COVID-vaccine-300x169.png\" alt=\"COVID vaccine\" width=\"400\" height=\"225\" srcset=\"https:\/\/journalismcourses.org\/wp-content\/uploads\/2022\/02\/COVID-vaccine-300x169.png 300w, https:\/\/journalismcourses.org\/wp-content\/uploads\/2022\/02\/COVID-vaccine-1024x576.png 1024w, https:\/\/journalismcourses.org\/wp-content\/uploads\/2022\/02\/COVID-vaccine-768x432.png 768w, https:\/\/journalismcourses.org\/wp-content\/uploads\/2022\/02\/COVID-vaccine-1536x864.png 1536w, https:\/\/journalismcourses.org\/wp-content\/uploads\/2022\/02\/COVID-vaccine.png 1600w\" sizes=\"(max-width: 400px) 100vw, 400px\" \/><\/p>\n<p>Josh Michaud, diretor associado de sa\u00fade global da Kaiser Family Foundation nos EUA, atribuiu as baixas taxas de vacina\u00e7\u00e3o \u00e0s barreiras nos esfor\u00e7os globais de distribui\u00e7\u00e3o de vacinas.<\/p>\n<p>\u201cQuando voc\u00ea olha para regi\u00f5es como a \u00c1frica, voc\u00ea percebe uma distribui\u00e7\u00e3o global ineficiente e injusta das vacinas contra a COVID-19 (\u2026) [ainda] h\u00e1 uma diferen\u00e7a enorme entre a porcentagem da popula\u00e7\u00e3o que est\u00e1 vacinada em pa\u00edses de baixa renda em compara\u00e7\u00e3o com pa\u00edses de renda mais alta\u201d, disse ele.<\/p>\n<p>No entanto, a iniciativa COVAX liderada pela OMS foi projetada para supervisionar a distribui\u00e7\u00e3o de vacinas para pa\u00edses pobres. Os n\u00fameros mais recentes da ag\u00eancia da ONU <a href=\"https:\/\/news.un.org\/en\/story\/2021\/12\/1107882\">mostram que apenas 20 pa\u00edses africanos vacinaram pelo menos 10% de sua popula\u00e7\u00e3o<\/a>. A OMS estima que levar\u00e1 at\u00e9 maio de 2022\u00a0<a href=\"https:\/\/news.un.org\/en\/story\/2021\/12\/1107882\">antes que a \u00c1frica atinja 40% de cobertura<\/a>.<\/p>\n<p>Para corrigir esses desequil\u00edbrios na distribui\u00e7\u00e3o global de vacinas e taxas de vacina\u00e7\u00e3o, todos os painelistas estavam convencidos de que existem alguns desafios log\u00edsticos a serem superados para os pa\u00edses, especialmente na \u00c1frica e no Oriente M\u00e9dio, alcan\u00e7arem as metas de cobertura vacinal.<\/p>\n<p>De acordo com Mohammed Yahia, jornalista cient\u00edfico eg\u00edpcio e editor executivo da Nature Research no Oriente M\u00e9dio, a hesita\u00e7\u00e3o sobre vacinas no Egito, bem como em alguns pa\u00edses do Oriente M\u00e9dio, foi vista como uma preocupa\u00e7\u00e3o crescente durante o per\u00edodo inicial em que a COVID-19 foi declarada uma pandemia.<\/p>\n<p>\u201cPor um per\u00edodo de tempo, havia muito pouca disponibilidade de vacina e era preciso estar na lista de espera que poderia se estender por v\u00e1rios meses para obter sua primeira vacina\u201d, disse Yahia.<\/p>\n<p>Mas, al\u00e9m disso, segundo ele, a m\u00e1 comunica\u00e7\u00e3o em torno das vacinas tamb\u00e9m prejudicou sua aceita\u00e7\u00e3o. Os jornalistas cient\u00edficos ou os principais meios de comunica\u00e7\u00e3o que cobrem a pandemia estavam enfrentando muitos desafios para transmitir mensagens que t\u00eam a capacidade de influenciar a aceita\u00e7\u00e3o da vacina.<\/p>\n<p><i><strong>Combatendo a desinforma\u00e7\u00e3o\u00a0<\/strong><\/i><\/p>\n<p>Yahia tamb\u00e9m acrescentou que a outra raz\u00e3o pela qual as pessoas n\u00e3o querem ser vacinadas est\u00e1 ligada \u00e0 comunidade de sa\u00fade \u2013 m\u00e9dicos, por exemplo, que compartilham v\u00eddeos nas m\u00eddias sociais para dizer a seus pacientes que n\u00e3o devem tomar a vacina porque n\u00e3o foi testada, foi apressada e eles n\u00e3o sabem sobre os potenciais efeitos colaterais a longo prazo.<\/p>\n<p>\u201cIsso criou uma esp\u00e9cie de medo entre a popula\u00e7\u00e3o, ent\u00e3o quando a disponibilidade melhorou, quando come\u00e7amos a ver algumas vacinas chegando, muitas pessoas eram muito resistentes a tomar essas vacinas\u201d, disse Yahia. \u201cFoi bastante interessante porque historicamente nunca houve um movimento antivacina per se, no Egito.\u201d<\/p>\n<p><img decoding=\"async\" class=\"alignleft wp-image-14283\" src=\"https:\/\/dev-journalismcourses.pantheonsite.io\/wp-content\/uploads\/2022\/02\/COVID-misinformation-300x218.png\" alt=\"COVID misinformation\" width=\"400\" height=\"291\" srcset=\"https:\/\/journalismcourses.org\/wp-content\/uploads\/2022\/02\/COVID-misinformation-300x218.png 300w, https:\/\/journalismcourses.org\/wp-content\/uploads\/2022\/02\/COVID-misinformation.png 550w\" sizes=\"(max-width: 400px) 100vw, 400px\" \/><\/p>\n<p>No entanto, a situa\u00e7\u00e3o em algumas partes da \u00c1frica Subsaariana, incluindo a Nig\u00e9ria, tem sido bem diferente, onde os pol\u00edticos foram os primeiros a falar sobre a COVID-19.<\/p>\n<p>\u201cQuando chegou a hora da resposta \u00e0 pandemia, os pain\u00e9is estabelecidos em n\u00edvel nacional, incluindo comit\u00eas de especialistas, estavam lotados principalmente de pol\u00edticos, pessoas que realmente n\u00e3o sabem muito sobre o que estava acontecendo\u201d, Akin Jimoh, um dos palestrantes e jornalista cient\u00edfico da Nig\u00e9ria, que tamb\u00e9m \u00e9 editor da Nature Africa, disse aos participantes do webinar.<\/p>\n<p>Embora a maioria dos pa\u00edses da \u00c1frica Subsaariana e do Oriente M\u00e9dio compartilhem desafios log\u00edsticos semelhantes, bem como problemas de armazenamento de vacinas, a import\u00e2ncia de combater a desinforma\u00e7\u00e3o sobre a COVID-19 tamb\u00e9m \u00e9 fundamental para a implanta\u00e7\u00e3o bem-sucedida das vacinas.<\/p>\n<p>\u201cN\u00e3o podemos nos esquivar de nossas responsabilidades de abordar as principais quest\u00f5es e, como jornalistas cient\u00edficos, somos a elite do jornalismo quando se trata de reportar com precis\u00e3o sobre as vacinas contra a COVID-19\u201d, disse Jimoh.<\/p>\n<p>Amy Maxmen, outra palestrante e rep\u00f3rter cient\u00edfica s\u00eanior da Nature baseada nos EUA, disse que no pa\u00eds h\u00e1 alguns problemas especiais nos esfor\u00e7os para vacinar todas as pessoas. Um desses problemas, disse ela, \u00e9 a divis\u00e3o pol\u00edtica e a ideologia que pode influir contra qualquer coisa que o establishment diga. Al\u00e9m de haver uma perda real de confian\u00e7a no establishment, ela tamb\u00e9m destacou que os estados t\u00eam muito poder no pa\u00eds.<\/p>\n<p>Questionada sobre por que ter grande acesso a vacinas parece n\u00e3o ter feito muita diferen\u00e7a nos EUA, Maxmen explicou que o suprimento suficiente n\u00e3o se traduz automaticamente em vacina\u00e7\u00e3o para todos.<\/p>\n<p>&#8220;Voc\u00ea precisa do fornecimento, precisa das cadeias de fornecimento, a distribui\u00e7\u00e3o precisa ser boa&#8221;, disse ela. \u201cN\u00e3o \u00e9 simples levar as vacinas a todos os lugares; isso \u00e9 caro e \u00e9 muito planejamento log\u00edstico e muitas pessoas, e h\u00e1 uma parte de comunica\u00e7\u00e3o disso, ent\u00e3o s\u00e3o todas essas coisas.\u201d<\/p>\n<p><i><strong>Responsabilidade<\/strong><\/i><\/p>\n<p>Embora seja responsabilidade dos governos garantir a distribui\u00e7\u00e3o de vacinas e informa\u00e7\u00f5es para que as pessoas sejam vacinadas, todos os participantes do painel est\u00e3o convencidos de que os esfor\u00e7os para aumentar a confian\u00e7a do p\u00fablico nesse assunto s\u00e3o importantes. As autoridades p\u00fablicas e a comunidade cient\u00edfica precisam comunicar e oferecer transpar\u00eancia sobre como lidar com a pandemia de COVID-19.<\/p>\n<p>\u201cQuando voc\u00ea responsabiliza o governo, voc\u00ea tamb\u00e9m deve responsabilizar a comunidade cient\u00edfica\u201d, disse Jimoh, referindo-se \u00e0 situa\u00e7\u00e3o atual em grandes partes da \u00c1frica Subsaariana.<\/p>\n<p>Considerando que \u00e9 responsabilidade dos jornalistas cient\u00edficos garantir que a informa\u00e7\u00e3o que eles transmitem seja aut\u00eantica e relevante para a vida da comunidade, Jimoh enfatizou que a responsabilidade \u00e9 transversal para onde o governo deve liderar, e os jornalistas precisam seguir na dire\u00e7\u00e3o certa.<\/p>\n<p>Comentando sobre esses esfor\u00e7os na implementa\u00e7\u00e3o da vacina\u00e7\u00e3o contra a COVID-19, Margaret Harris, da OMS, explicou que as pessoas com maior risco de infec\u00e7\u00e3o e morte relacionada \u00e0 COVID-19, bem como grupos priorit\u00e1rios, como profissionais de sa\u00fade, foram atendidos primeiro porque s\u00e3o os mais expostos.<\/p>\n<p>Entretanto, antes da vacina\u00e7\u00e3o em larga escala, a maioria dos painelistas insistiu na necessidade de haver log\u00edstica.<\/p>\n<p>&#8220;A prepara\u00e7\u00e3o \u00e9 importante em todas as etapas, n\u00e3o apenas na vacina, mas no sistema que temos&#8221;, disse Jimoh. Yahia observou que a m\u00eddia tem um papel fundamental a desempenhar no aumento da confian\u00e7a na vacina contra a COVID-19 e no combate \u00e0 desinforma\u00e7\u00e3o.<\/p>\n<p>\u00c0 medida que a vacina contra a COVID-19 avan\u00e7a globalmente, Michaud observou que a hesita\u00e7\u00e3o em rela\u00e7\u00e3o \u00e0 vacina e a dissemina\u00e7\u00e3o de desinforma\u00e7\u00e3o ainda s\u00e3o as principais barreiras \u00e0 ado\u00e7\u00e3o da vacina.<\/p>\n<p>\u201cO desafio \u00e9 mais complexo porque temos que estar atentos ao lado da distribui\u00e7\u00e3o\u201d, disse. \u201cTemos que combater a hesita\u00e7\u00e3o e a desinforma\u00e7\u00e3o\u201d.<\/p>\n","protected":false},"excerpt":{"rendered":"<p>A group of seasoned science journalists, communicators and health experts from around the world discussed how to improve COVID-19 coverage in a session that focused especially on combatting misinformation about the pandemic and the vaccines.<\/p>\n","protected":false},"author":21,"featured_media":14209,"comment_status":"closed","ping_status":"closed","sticky":false,"template":"","format":"standard","meta":{"_acf_changed":false,"footnotes":""},"categories":[13],"tags":[],"class_list":["post-14333","post","type-post","status-publish","format-standard","has-post-thumbnail","hentry","category-nao-categorizado"],"acf":[],"yoast_head":"<!-- This site is optimized with the Yoast SEO Premium plugin v22.9 (Yoast SEO v27.3) - https:\/\/yoast.com\/product\/yoast-seo-premium-wordpress\/ -->\n<title>Desinforma\u00e7\u00e3o sobre COVID-19 alimenta hesita\u00e7\u00e3o sobre vacinas, dizem painelistas em webinar - Journalism Courses by Knight Center<\/title>\n<meta name=\"robots\" content=\"index, follow, max-snippet:-1, max-image-preview:large, max-video-preview:-1\" \/>\n<link rel=\"canonical\" href=\"https:\/\/journalismcourses.org\/pt-br\/desinformacao-sobre-covid-19-alimenta-hesitacao-sobre-vacinas-dizem-painelistas-em-webinar\/\" \/>\n<meta property=\"og:locale\" content=\"pt_BR\" \/>\n<meta property=\"og:type\" content=\"article\" \/>\n<meta property=\"og:title\" content=\"Desinforma\u00e7\u00e3o sobre COVID-19 alimenta hesita\u00e7\u00e3o sobre vacinas, dizem painelistas em webinar\" \/>\n<meta property=\"og:description\" content=\"A group of seasoned science journalists, communicators and health experts from around the world discussed how to improve COVID-19 coverage in a session that focused especially on combatting misinformation about the pandemic and the vaccines.\" \/>\n<meta property=\"og:url\" content=\"https:\/\/journalismcourses.org\/pt-br\/desinformacao-sobre-covid-19-alimenta-hesitacao-sobre-vacinas-dizem-painelistas-em-webinar\/\" \/>\n<meta property=\"og:site_name\" content=\"Journalism Courses by Knight Center\" \/>\n<meta property=\"article:published_time\" content=\"2022-02-11T17:42:05+00:00\" \/>\n<meta property=\"og:image\" content=\"https:\/\/journalismcourses.org\/wp-content\/uploads\/2022\/01\/FEATURED-IMAGE-Panel-3-COVID-Webinar.png\" \/>\n\t<meta property=\"og:image:width\" content=\"507\" \/>\n\t<meta property=\"og:image:height\" content=\"340\" \/>\n\t<meta property=\"og:image:type\" content=\"image\/png\" \/>\n<meta name=\"author\" content=\"Kossi Balao\" \/>\n<meta name=\"twitter:card\" content=\"summary_large_image\" \/>\n<meta name=\"twitter:label1\" content=\"Written by\" \/>\n\t<meta name=\"twitter:data1\" content=\"Kossi Balao\" \/>\n\t<meta name=\"twitter:label2\" content=\"Est. reading time\" \/>\n\t<meta name=\"twitter:data2\" content=\"8 minutos\" \/>\n<script type=\"application\/ld+json\" class=\"yoast-schema-graph\">{\"@context\":\"https:\\\/\\\/schema.org\",\"@graph\":[{\"@type\":\"Article\",\"@id\":\"https:\\\/\\\/journalismcourses.org\\\/pt-br\\\/desinformacao-sobre-covid-19-alimenta-hesitacao-sobre-vacinas-dizem-painelistas-em-webinar\\\/#article\",\"isPartOf\":{\"@id\":\"https:\\\/\\\/journalismcourses.org\\\/pt-br\\\/desinformacao-sobre-covid-19-alimenta-hesitacao-sobre-vacinas-dizem-painelistas-em-webinar\\\/\"},\"author\":{\"name\":\"Kossi Balao\",\"@id\":\"https:\\\/\\\/journalismcourses.org\\\/pt-br\\\/#\\\/schema\\\/person\\\/7d1f2eb14ebb6a19b9c2465f7c8698cd\"},\"headline\":\"Desinforma\u00e7\u00e3o sobre COVID-19 alimenta hesita\u00e7\u00e3o sobre vacinas, dizem painelistas em webinar\",\"datePublished\":\"2022-02-11T17:42:05+00:00\",\"mainEntityOfPage\":{\"@id\":\"https:\\\/\\\/journalismcourses.org\\\/pt-br\\\/desinformacao-sobre-covid-19-alimenta-hesitacao-sobre-vacinas-dizem-painelistas-em-webinar\\\/\"},\"wordCount\":1555,\"image\":{\"@id\":\"https:\\\/\\\/journalismcourses.org\\\/pt-br\\\/desinformacao-sobre-covid-19-alimenta-hesitacao-sobre-vacinas-dizem-painelistas-em-webinar\\\/#primaryimage\"},\"thumbnailUrl\":\"https:\\\/\\\/journalismcourses.org\\\/wp-content\\\/uploads\\\/2022\\\/01\\\/FEATURED-IMAGE-Panel-3-COVID-Webinar.png\",\"articleSection\":[\"N\u00e3o categorizado\"],\"inLanguage\":\"pt-BR\"},{\"@type\":\"WebPage\",\"@id\":\"https:\\\/\\\/journalismcourses.org\\\/pt-br\\\/desinformacao-sobre-covid-19-alimenta-hesitacao-sobre-vacinas-dizem-painelistas-em-webinar\\\/\",\"url\":\"https:\\\/\\\/journalismcourses.org\\\/pt-br\\\/desinformacao-sobre-covid-19-alimenta-hesitacao-sobre-vacinas-dizem-painelistas-em-webinar\\\/\",\"name\":\"Desinforma\u00e7\u00e3o sobre COVID-19 alimenta hesita\u00e7\u00e3o sobre vacinas, dizem painelistas em webinar - Journalism Courses by Knight Center\",\"isPartOf\":{\"@id\":\"https:\\\/\\\/journalismcourses.org\\\/pt-br\\\/#website\"},\"primaryImageOfPage\":{\"@id\":\"https:\\\/\\\/journalismcourses.org\\\/pt-br\\\/desinformacao-sobre-covid-19-alimenta-hesitacao-sobre-vacinas-dizem-painelistas-em-webinar\\\/#primaryimage\"},\"image\":{\"@id\":\"https:\\\/\\\/journalismcourses.org\\\/pt-br\\\/desinformacao-sobre-covid-19-alimenta-hesitacao-sobre-vacinas-dizem-painelistas-em-webinar\\\/#primaryimage\"},\"thumbnailUrl\":\"https:\\\/\\\/journalismcourses.org\\\/wp-content\\\/uploads\\\/2022\\\/01\\\/FEATURED-IMAGE-Panel-3-COVID-Webinar.png\",\"datePublished\":\"2022-02-11T17:42:05+00:00\",\"author\":{\"@id\":\"https:\\\/\\\/journalismcourses.org\\\/pt-br\\\/#\\\/schema\\\/person\\\/7d1f2eb14ebb6a19b9c2465f7c8698cd\"},\"breadcrumb\":{\"@id\":\"https:\\\/\\\/journalismcourses.org\\\/pt-br\\\/desinformacao-sobre-covid-19-alimenta-hesitacao-sobre-vacinas-dizem-painelistas-em-webinar\\\/#breadcrumb\"},\"inLanguage\":\"pt-BR\",\"potentialAction\":[{\"@type\":\"ReadAction\",\"target\":[\"https:\\\/\\\/journalismcourses.org\\\/pt-br\\\/desinformacao-sobre-covid-19-alimenta-hesitacao-sobre-vacinas-dizem-painelistas-em-webinar\\\/\"]}]},{\"@type\":\"ImageObject\",\"inLanguage\":\"pt-BR\",\"@id\":\"https:\\\/\\\/journalismcourses.org\\\/pt-br\\\/desinformacao-sobre-covid-19-alimenta-hesitacao-sobre-vacinas-dizem-painelistas-em-webinar\\\/#primaryimage\",\"url\":\"https:\\\/\\\/journalismcourses.org\\\/wp-content\\\/uploads\\\/2022\\\/01\\\/FEATURED-IMAGE-Panel-3-COVID-Webinar.png\",\"contentUrl\":\"https:\\\/\\\/journalismcourses.org\\\/wp-content\\\/uploads\\\/2022\\\/01\\\/FEATURED-IMAGE-Panel-3-COVID-Webinar.png\",\"width\":507,\"height\":340,\"caption\":\"FEATURED IMAGE Panel 3 COVID Webinar\"},{\"@type\":\"BreadcrumbList\",\"@id\":\"https:\\\/\\\/journalismcourses.org\\\/pt-br\\\/desinformacao-sobre-covid-19-alimenta-hesitacao-sobre-vacinas-dizem-painelistas-em-webinar\\\/#breadcrumb\",\"itemListElement\":[{\"@type\":\"ListItem\",\"position\":1,\"name\":\"Home\",\"item\":\"https:\\\/\\\/journalismcourses.org\\\/pt-br\\\/\"},{\"@type\":\"ListItem\",\"position\":2,\"name\":\"Desinforma\u00e7\u00e3o sobre COVID-19 alimenta hesita\u00e7\u00e3o sobre vacinas, dizem painelistas em webinar\"}]},{\"@type\":\"WebSite\",\"@id\":\"https:\\\/\\\/journalismcourses.org\\\/pt-br\\\/#website\",\"url\":\"https:\\\/\\\/journalismcourses.org\\\/pt-br\\\/\",\"name\":\"Journalism Courses by Knight Center\",\"description\":\"Online courses for journalists\",\"potentialAction\":[{\"@type\":\"SearchAction\",\"target\":{\"@type\":\"EntryPoint\",\"urlTemplate\":\"https:\\\/\\\/journalismcourses.org\\\/pt-br\\\/?s={search_term_string}\"},\"query-input\":{\"@type\":\"PropertyValueSpecification\",\"valueRequired\":true,\"valueName\":\"search_term_string\"}}],\"inLanguage\":\"pt-BR\"},{\"@type\":\"Person\",\"@id\":\"https:\\\/\\\/journalismcourses.org\\\/pt-br\\\/#\\\/schema\\\/person\\\/7d1f2eb14ebb6a19b9c2465f7c8698cd\",\"name\":\"Kossi Balao\",\"image\":{\"@type\":\"ImageObject\",\"inLanguage\":\"pt-BR\",\"@id\":\"https:\\\/\\\/secure.gravatar.com\\\/avatar\\\/0505e3ac47e596d45960c2ba4cac8d1a8fff0a6ff2c2d43559227b9b651abfd0?s=96&d=mm&r=g\",\"url\":\"https:\\\/\\\/secure.gravatar.com\\\/avatar\\\/0505e3ac47e596d45960c2ba4cac8d1a8fff0a6ff2c2d43559227b9b651abfd0?s=96&d=mm&r=g\",\"contentUrl\":\"https:\\\/\\\/secure.gravatar.com\\\/avatar\\\/0505e3ac47e596d45960c2ba4cac8d1a8fff0a6ff2c2d43559227b9b651abfd0?s=96&d=mm&r=g\",\"caption\":\"Kossi Balao\"},\"description\":\"Kossi Elom Balao is a multi-award winning science journalist and Community Manager of the International Center for Journalists (ICFJ) Global Health Crisis Reporting Forum in French. He\u2019s the president of the French-speaking African Science Journalists Network (RJSAF) and founder of The Confidential Report. He\u2019s a contributor to various media outlets, including Scientific African Magazine. ____________ Journaliste scientifique multiprim\u00e9, Kossi Elom Balao est le directeur de la version francophone du Forum de Reportage sur la Crise Sanitaire Mondiale du Centre International pour les Journalistes (ICFJ). Il est le pr\u00e9sident du R\u00e9seau des journalistes scientifiques d\u2019Afrique Francophone (RJSAF) et le fondateur du journal The Confidential Report. Il est l\u2019un des contributeurs du magazine Scientifique Africain et collabore avec plusieurs m\u00e9dias.\",\"url\":\"https:\\\/\\\/journalismcourses.org\\\/pt-br\\\/author\\\/kossi-elom-balao\\\/\"}]}<\/script>\n<!-- \/ Yoast SEO Premium plugin. -->","yoast_head_json":{"title":"Desinforma\u00e7\u00e3o sobre COVID-19 alimenta hesita\u00e7\u00e3o sobre vacinas, dizem painelistas em webinar - Journalism Courses by Knight Center","robots":{"index":"index","follow":"follow","max-snippet":"max-snippet:-1","max-image-preview":"max-image-preview:large","max-video-preview":"max-video-preview:-1"},"canonical":"https:\/\/journalismcourses.org\/pt-br\/desinformacao-sobre-covid-19-alimenta-hesitacao-sobre-vacinas-dizem-painelistas-em-webinar\/","og_locale":"pt_BR","og_type":"article","og_title":"Desinforma\u00e7\u00e3o sobre COVID-19 alimenta hesita\u00e7\u00e3o sobre vacinas, dizem painelistas em webinar","og_description":"A group of seasoned science journalists, communicators and health experts from around the world discussed how to improve COVID-19 coverage in a session that focused especially on combatting misinformation about the pandemic and the vaccines.","og_url":"https:\/\/journalismcourses.org\/pt-br\/desinformacao-sobre-covid-19-alimenta-hesitacao-sobre-vacinas-dizem-painelistas-em-webinar\/","og_site_name":"Journalism Courses by Knight Center","article_published_time":"2022-02-11T17:42:05+00:00","og_image":[{"width":507,"height":340,"url":"https:\/\/journalismcourses.org\/wp-content\/uploads\/2022\/01\/FEATURED-IMAGE-Panel-3-COVID-Webinar.png","type":"image\/png"}],"author":"Kossi Balao","twitter_card":"summary_large_image","twitter_misc":{"Written by":"Kossi Balao","Est. reading time":"8 minutos"},"schema":{"@context":"https:\/\/schema.org","@graph":[{"@type":"Article","@id":"https:\/\/journalismcourses.org\/pt-br\/desinformacao-sobre-covid-19-alimenta-hesitacao-sobre-vacinas-dizem-painelistas-em-webinar\/#article","isPartOf":{"@id":"https:\/\/journalismcourses.org\/pt-br\/desinformacao-sobre-covid-19-alimenta-hesitacao-sobre-vacinas-dizem-painelistas-em-webinar\/"},"author":{"name":"Kossi Balao","@id":"https:\/\/journalismcourses.org\/pt-br\/#\/schema\/person\/7d1f2eb14ebb6a19b9c2465f7c8698cd"},"headline":"Desinforma\u00e7\u00e3o sobre COVID-19 alimenta hesita\u00e7\u00e3o sobre vacinas, dizem painelistas em webinar","datePublished":"2022-02-11T17:42:05+00:00","mainEntityOfPage":{"@id":"https:\/\/journalismcourses.org\/pt-br\/desinformacao-sobre-covid-19-alimenta-hesitacao-sobre-vacinas-dizem-painelistas-em-webinar\/"},"wordCount":1555,"image":{"@id":"https:\/\/journalismcourses.org\/pt-br\/desinformacao-sobre-covid-19-alimenta-hesitacao-sobre-vacinas-dizem-painelistas-em-webinar\/#primaryimage"},"thumbnailUrl":"https:\/\/journalismcourses.org\/wp-content\/uploads\/2022\/01\/FEATURED-IMAGE-Panel-3-COVID-Webinar.png","articleSection":["N\u00e3o categorizado"],"inLanguage":"pt-BR"},{"@type":"WebPage","@id":"https:\/\/journalismcourses.org\/pt-br\/desinformacao-sobre-covid-19-alimenta-hesitacao-sobre-vacinas-dizem-painelistas-em-webinar\/","url":"https:\/\/journalismcourses.org\/pt-br\/desinformacao-sobre-covid-19-alimenta-hesitacao-sobre-vacinas-dizem-painelistas-em-webinar\/","name":"Desinforma\u00e7\u00e3o sobre COVID-19 alimenta hesita\u00e7\u00e3o sobre vacinas, dizem painelistas em webinar - Journalism Courses by Knight Center","isPartOf":{"@id":"https:\/\/journalismcourses.org\/pt-br\/#website"},"primaryImageOfPage":{"@id":"https:\/\/journalismcourses.org\/pt-br\/desinformacao-sobre-covid-19-alimenta-hesitacao-sobre-vacinas-dizem-painelistas-em-webinar\/#primaryimage"},"image":{"@id":"https:\/\/journalismcourses.org\/pt-br\/desinformacao-sobre-covid-19-alimenta-hesitacao-sobre-vacinas-dizem-painelistas-em-webinar\/#primaryimage"},"thumbnailUrl":"https:\/\/journalismcourses.org\/wp-content\/uploads\/2022\/01\/FEATURED-IMAGE-Panel-3-COVID-Webinar.png","datePublished":"2022-02-11T17:42:05+00:00","author":{"@id":"https:\/\/journalismcourses.org\/pt-br\/#\/schema\/person\/7d1f2eb14ebb6a19b9c2465f7c8698cd"},"breadcrumb":{"@id":"https:\/\/journalismcourses.org\/pt-br\/desinformacao-sobre-covid-19-alimenta-hesitacao-sobre-vacinas-dizem-painelistas-em-webinar\/#breadcrumb"},"inLanguage":"pt-BR","potentialAction":[{"@type":"ReadAction","target":["https:\/\/journalismcourses.org\/pt-br\/desinformacao-sobre-covid-19-alimenta-hesitacao-sobre-vacinas-dizem-painelistas-em-webinar\/"]}]},{"@type":"ImageObject","inLanguage":"pt-BR","@id":"https:\/\/journalismcourses.org\/pt-br\/desinformacao-sobre-covid-19-alimenta-hesitacao-sobre-vacinas-dizem-painelistas-em-webinar\/#primaryimage","url":"https:\/\/journalismcourses.org\/wp-content\/uploads\/2022\/01\/FEATURED-IMAGE-Panel-3-COVID-Webinar.png","contentUrl":"https:\/\/journalismcourses.org\/wp-content\/uploads\/2022\/01\/FEATURED-IMAGE-Panel-3-COVID-Webinar.png","width":507,"height":340,"caption":"FEATURED IMAGE Panel 3 COVID Webinar"},{"@type":"BreadcrumbList","@id":"https:\/\/journalismcourses.org\/pt-br\/desinformacao-sobre-covid-19-alimenta-hesitacao-sobre-vacinas-dizem-painelistas-em-webinar\/#breadcrumb","itemListElement":[{"@type":"ListItem","position":1,"name":"Home","item":"https:\/\/journalismcourses.org\/pt-br\/"},{"@type":"ListItem","position":2,"name":"Desinforma\u00e7\u00e3o sobre COVID-19 alimenta hesita\u00e7\u00e3o sobre vacinas, dizem painelistas em webinar"}]},{"@type":"WebSite","@id":"https:\/\/journalismcourses.org\/pt-br\/#website","url":"https:\/\/journalismcourses.org\/pt-br\/","name":"Journalism Courses by Knight Center","description":"Online courses for journalists","potentialAction":[{"@type":"SearchAction","target":{"@type":"EntryPoint","urlTemplate":"https:\/\/journalismcourses.org\/pt-br\/?s={search_term_string}"},"query-input":{"@type":"PropertyValueSpecification","valueRequired":true,"valueName":"search_term_string"}}],"inLanguage":"pt-BR"},{"@type":"Person","@id":"https:\/\/journalismcourses.org\/pt-br\/#\/schema\/person\/7d1f2eb14ebb6a19b9c2465f7c8698cd","name":"Kossi Balao","image":{"@type":"ImageObject","inLanguage":"pt-BR","@id":"https:\/\/secure.gravatar.com\/avatar\/0505e3ac47e596d45960c2ba4cac8d1a8fff0a6ff2c2d43559227b9b651abfd0?s=96&d=mm&r=g","url":"https:\/\/secure.gravatar.com\/avatar\/0505e3ac47e596d45960c2ba4cac8d1a8fff0a6ff2c2d43559227b9b651abfd0?s=96&d=mm&r=g","contentUrl":"https:\/\/secure.gravatar.com\/avatar\/0505e3ac47e596d45960c2ba4cac8d1a8fff0a6ff2c2d43559227b9b651abfd0?s=96&d=mm&r=g","caption":"Kossi Balao"},"description":"Kossi Elom Balao is a multi-award winning science journalist and Community Manager of the International Center for Journalists (ICFJ) Global Health Crisis Reporting Forum in French. He\u2019s the president of the French-speaking African Science Journalists Network (RJSAF) and founder of The Confidential Report. He\u2019s a contributor to various media outlets, including Scientific African Magazine. ____________ Journaliste scientifique multiprim\u00e9, Kossi Elom Balao est le directeur de la version francophone du Forum de Reportage sur la Crise Sanitaire Mondiale du Centre International pour les Journalistes (ICFJ). Il est le pr\u00e9sident du R\u00e9seau des journalistes scientifiques d\u2019Afrique Francophone (RJSAF) et le fondateur du journal The Confidential Report. Il est l\u2019un des contributeurs du magazine Scientifique Africain et collabore avec plusieurs m\u00e9dias.","url":"https:\/\/journalismcourses.org\/pt-br\/author\/kossi-elom-balao\/"}]}},"_links":{"self":[{"href":"https:\/\/journalismcourses.org\/pt-br\/wp-json\/wp\/v2\/posts\/14333","targetHints":{"allow":["GET"]}}],"collection":[{"href":"https:\/\/journalismcourses.org\/pt-br\/wp-json\/wp\/v2\/posts"}],"about":[{"href":"https:\/\/journalismcourses.org\/pt-br\/wp-json\/wp\/v2\/types\/post"}],"author":[{"embeddable":true,"href":"https:\/\/journalismcourses.org\/pt-br\/wp-json\/wp\/v2\/users\/21"}],"replies":[{"embeddable":true,"href":"https:\/\/journalismcourses.org\/pt-br\/wp-json\/wp\/v2\/comments?post=14333"}],"version-history":[{"count":2,"href":"https:\/\/journalismcourses.org\/pt-br\/wp-json\/wp\/v2\/posts\/14333\/revisions"}],"predecessor-version":[{"id":14344,"href":"https:\/\/journalismcourses.org\/pt-br\/wp-json\/wp\/v2\/posts\/14333\/revisions\/14344"}],"wp:featuredmedia":[{"embeddable":true,"href":"https:\/\/journalismcourses.org\/pt-br\/wp-json\/wp\/v2\/media\/14209"}],"wp:attachment":[{"href":"https:\/\/journalismcourses.org\/pt-br\/wp-json\/wp\/v2\/media?parent=14333"}],"wp:term":[{"taxonomy":"category","embeddable":true,"href":"https:\/\/journalismcourses.org\/pt-br\/wp-json\/wp\/v2\/categories?post=14333"},{"taxonomy":"post_tag","embeddable":true,"href":"https:\/\/journalismcourses.org\/pt-br\/wp-json\/wp\/v2\/tags?post=14333"}],"curies":[{"name":"wp","href":"https:\/\/api.w.org\/{rel}","templated":true}]}}