{"id":13677,"date":"2022-01-15T09:34:19","date_gmt":"2022-01-15T15:34:19","guid":{"rendered":"https:\/\/dev-journalismcourses.pantheonsite.io\/?p=13677"},"modified":"2022-01-24T11:15:23","modified_gmt":"2022-01-24T17:15:23","slug":"como-melhorar-a-cobertura-da-covid-19-webinar-para-jornalistas-oferecido-por-unesco-oms-e-centro-knight-inscreva-se-gratuitamente-agora","status":"publish","type":"post","link":"https:\/\/journalismcourses.org\/pt-br\/como-melhorar-a-cobertura-da-covid-19-webinar-para-jornalistas-oferecido-por-unesco-oms-e-centro-knight-inscreva-se-gratuitamente-agora\/","title":{"rendered":"Como melhorar a cobertura da COVID-19: Webinar para jornalistas oferecido por UNESCO, OMS e Centro Knight. Inscreva-se gratuitamente agora!"},"content":{"rendered":"<p><span style=\"vertical-align: inherit;\"><span style=\"vertical-align: inherit;\">Um novo webinar multil\u00edngue para jornalistas que cobrem a pandemia de COVID-19 est\u00e1 chegando.<\/span><\/span><\/p>\n<p><strong><a href=\"https:\/\/test-journalismcourses.pantheonsite.io\/pt-br\/eventos\/webinar-como-aprimorar-a-cobertura-da-covid-19\/\"><span style=\"vertical-align: inherit;\"><span style=\"vertical-align: inherit;\">\u201cVariantes, vacinas e medicamentos: o que os jornalistas precisam saber para melhorar a cobertura da COVID-19\u201d<\/span><\/span><\/a>\u00a0<\/strong><span style=\"vertical-align: inherit;\"><span style=\"vertical-align: inherit;\"> ser\u00e1 realizado na quinta-feira, 27 de janeiro, das 12h \u00e0s 15h, hor\u00e1rio de Bras\u00edlia (GMT -3). <\/span><span style=\"vertical-align: inherit;\">Use um conversor de fuso hor\u00e1rio,<\/span><\/span> <a href=\"https:\/\/www.timeanddate.com\/worldclock\/converter.html?iso=20220127T150000&amp;p1=45\"><span style=\"vertical-align: inherit;\"><span style=\"vertical-align: inherit;\">como este<\/span><\/span><\/a><span style=\"vertical-align: inherit;\"><span style=\"vertical-align: inherit;\">, para descobrir a hora na sua cidade.<\/span><\/span><\/p>\n<p><span style=\"vertical-align: inherit;\"><span style=\"vertical-align: inherit;\">O webinar ser\u00e1 transmitido ao vivo pelo Zoom em ingl\u00eas, com tradu\u00e7\u00e3o simult\u00e2nea para <\/span><\/span><strong><span style=\"vertical-align: inherit;\"><span style=\"vertical-align: inherit;\">\u00e1rabe<\/span><\/span><\/strong><span style=\"vertical-align: inherit;\"><span style=\"vertical-align: inherit;\">, <\/span><\/span><strong><span style=\"vertical-align: inherit;\"><span style=\"vertical-align: inherit;\">franc\u00eas<\/span><\/span><\/strong><span style=\"vertical-align: inherit;\"><span style=\"vertical-align: inherit;\">, <\/span><\/span><strong><span style=\"vertical-align: inherit;\"><span style=\"vertical-align: inherit;\">espanhol<\/span><\/span><\/strong><span style=\"vertical-align: inherit;\"><span style=\"vertical-align: inherit;\"> e <\/span><\/span><strong><span style=\"vertical-align: inherit;\"><span style=\"vertical-align: inherit;\">portugu\u00eas<\/span><\/span><\/strong><span style=\"vertical-align: inherit;\"><span style=\"vertical-align: inherit;\">.<\/span><\/span><\/p>\n<p><strong><a href=\"https:\/\/utexas.zoom.us\/webinar\/register\/WN_g4HuSClRR5SDCLxPj-ArsA\"><span style=\"vertical-align: inherit;\"><span style=\"vertical-align: inherit;\">Inscreva-se agora!\u00a0<\/span><\/span><\/a><\/strong><\/p>\n<p><a href=\"https:\/\/test-journalismcourses.pantheonsite.io\/pt-br\/eventos\/webinar-como-aprimorar-a-cobertura-da-covid-19\/\"><img fetchpriority=\"high\" decoding=\"async\" class=\"aligncenter wp-image-13682 size-large\" src=\"https:\/\/test-journalismcourses.pantheonsite.io\/wp-content\/uploads\/2022\/01\/COVID-Webinar-PT-Banner-copy-1024x410.jpg\" alt=\"COVID Webinar PT - Banner copy\" width=\"1024\" height=\"410\" srcset=\"https:\/\/journalismcourses.org\/wp-content\/uploads\/2022\/01\/COVID-Webinar-PT-Banner-copy-1024x410.jpg 1024w, https:\/\/journalismcourses.org\/wp-content\/uploads\/2022\/01\/COVID-Webinar-PT-Banner-copy-300x120.jpg 300w, https:\/\/journalismcourses.org\/wp-content\/uploads\/2022\/01\/COVID-Webinar-PT-Banner-copy-768x307.jpg 768w, https:\/\/journalismcourses.org\/wp-content\/uploads\/2022\/01\/COVID-Webinar-PT-Banner-copy.jpg 1250w\" sizes=\"(max-width: 1024px) 100vw, 1024px\" \/><\/a><\/p>\n<p><span style=\"vertical-align: inherit;\"><span style=\"vertical-align: inherit;\">Durante tr\u00eas pain\u00e9is de uma hora, especialistas em sa\u00fade e ci\u00eancia e jornalistas de diferentes regi\u00f5es do mundo, incluindo representantes da Organiza\u00e7\u00e3o Mundial da Sa\u00fade, discutir\u00e3o os desafios profissionais na cobertura da COVID-19, acesso desigual a informa\u00e7\u00f5es e dados em constante evolu\u00e7\u00e3o sobre COVID-19; <\/span><span style=\"vertical-align: inherit;\">muta\u00e7\u00f5es e variantes do v\u00edrus; <\/span><span style=\"vertical-align: inherit;\">e contextos globais para jornalistas que cobrem novos desenvolvimentos em torno da pandemia.<\/span><\/span><\/p>\n<p><span style=\"vertical-align: inherit;\"><span style=\"vertical-align: inherit;\">Este webinar \u00e9 organizado pelo<\/span><\/span> Centro Knight para o Jornalismo nas Am\u00e9ricas da <span style=\"vertical-align: inherit;\">Universidade do Texas em Austin, em parceria com a UNESCO, financiado pela Organiza\u00e7\u00e3o Mundial da Sa\u00fade e pelo Programa Multidoadores da UNESCO sobre Liberdade de Express\u00e3o e Seguran\u00e7a de Jornalistas. <\/span><span style=\"vertical-align: inherit;\">O principal objetivo deste webinar multil\u00edngue \u00e9 ajudar jornalistas de todo o mundo a lidar com a evolu\u00e7\u00e3o da cobertura da crise de COVID-19.<\/span><\/p>\n<p><span style=\"vertical-align: inherit;\"><span style=\"vertical-align: inherit;\">\u201cTemos o prazer de unir for\u00e7as com a UNESCO e a OMS novamente para continuar nossos esfor\u00e7os para alcan\u00e7ar milhares de jornalistas em todo o mundo, em v\u00e1rios idiomas, com recursos e treinamento para ajud\u00e1-los a melhorar sua cobertura da pandemia,\u201d disse o professor Rosental Alves, fundador e diretor do Centro Knight.<\/span><\/span><\/p>\n<p><span style=\"vertical-align: inherit;\"><span style=\"vertical-align: inherit;\">\u201cDois anos de pandemia, estamos novamente entrando em uma nova fase. <\/span><span style=\"vertical-align: inherit;\">O papel dos jornalistas de fazer perguntas relevantes, quebrar o conhecimento cient\u00edfico mais recente e dissipar a desinforma\u00e7\u00e3o para ajudar os cidad\u00e3os e os formuladores de pol\u00edticas a se adaptarem a novos desenvolvimentos n\u00e3o pode ser subestimado. <\/span><span style=\"vertical-align: inherit;\">A UNESCO continua firmemente empenhada em apoiar os jornalistas para se manterem atualizados e lidarem com essa tarefa\u201d, disse Guilherme Canela, chefe da Se\u00e7\u00e3o de Liberdade de Express\u00e3o e Seguran\u00e7a dos Jornalistas da UNESCO. <\/span><span style=\"vertical-align: inherit;\">\u201cVemos que as li\u00e7\u00f5es aprendidas com essa cobertura tamb\u00e9m podem ajudar em outras \u00e1reas onde desmascarar a desinforma\u00e7\u00e3o \u00e9 relevante, como elei\u00e7\u00f5es, mudan\u00e7as clim\u00e1ticas e desastres naturais.\u201d<\/span><\/span><\/p>\n<p><span style=\"vertical-align: inherit;\"><span style=\"vertical-align: inherit;\">Um excelente grupo de jornalistas cient\u00edficos, cientistas e outros especialistas discutir\u00e1 maneiras de melhorar a cobertura da imprensa sobre a pandemia e quest\u00f5es fundamentais que rep\u00f3rteres e editores devem considerar ao informar o p\u00fablico sobre o COVID-19. <\/span><span style=\"vertical-align: inherit;\">O webinar tamb\u00e9m abordar\u00e1 formas de combater a desinforma\u00e7\u00e3o.<\/span><\/span><\/p>\n<p><span style=\"vertical-align: inherit;\"><span style=\"vertical-align: inherit;\">Os palestrantes incluem:<\/span><\/span><\/p>\n<ul>\n<li><span style=\"vertical-align: inherit;\"><span style=\"vertical-align: inherit;\">Guilherme Canela, chefe da Se\u00e7\u00e3o Liberdade de Express\u00e3o e Seguran\u00e7a dos Jornalistas, UNESCO<\/span><\/span><\/li>\n<li><span style=\"vertical-align: inherit;\"><span style=\"vertical-align: inherit;\">Gabriella Stern, diretora de comunica\u00e7\u00f5es da Organiza\u00e7\u00e3o Mundial da Sa\u00fade<\/span><\/span><\/li>\n<li><span style=\"vertical-align: inherit;\"><span style=\"vertical-align: inherit;\">Deborah Blum, diretora do Knight Science Journalism no MIT<\/span><\/span><\/li>\n<li><span style=\"vertical-align: inherit;\"><span style=\"vertical-align: inherit;\">Davey Alba, rep\u00f3rter do New York Times (EUA)<\/span><\/span><\/li>\n<li><span style=\"vertical-align: inherit;\"><span style=\"vertical-align: inherit;\">Federico Kukso, jornalista cient\u00edfico independente e membro do conselho do WFSJ (Argentina)<\/span><\/span><\/li>\n<li><span style=\"vertical-align: inherit;\"><span style=\"vertical-align: inherit;\">Mandi Smallhorne, presidente, Associa\u00e7\u00e3o Sul-Africana de Jornalistas Cient\u00edficos e vice-presidente do WFSJ (\u00c1frica do Sul)<\/span><\/span><\/li>\n<li><span style=\"vertical-align: inherit;\"><span style=\"vertical-align: inherit;\">Jane Qiu, jornalista cient\u00edfica independente (China)<\/span><\/span><\/li>\n<li>Maria Van Kerkhove, respons\u00e1vel t\u00e9cnica sobre COVID-19, Organiza\u00e7\u00e3o Mundial da Sa\u00fade<\/li>\n<li><span style=\"vertical-align: inherit;\"><span style=\"vertical-align: inherit;\">Kai Kupferschmidt, rep\u00f3rter da Science Magazine (Alemanha)<\/span><\/span><\/li>\n<li><span style=\"vertical-align: inherit;\"><span style=\"vertical-align: inherit;\">Angela Rasmussen, virologista da Organiza\u00e7\u00e3o de Vacinas e Doen\u00e7as Infecciosas da Universidade de Saskatchewan (Canad\u00e1)<\/span><\/span><\/li>\n<li><span style=\"vertical-align: inherit;\"><span style=\"vertical-align: inherit;\">Purvi Parikh, alergista e imunologista da Allergy and Asthma Associates of Murray Hill, e professor assistente cl\u00ednico da New York University School of Medicine (EUA)<\/span><\/span><\/li>\n<li>Margaret Harris, porta-voz para COVID-19, Organiza\u00e7\u00e3o Mundial da Sa\u00fade<\/li>\n<li><span style=\"vertical-align: inherit;\"><span style=\"vertical-align: inherit;\">Akin Jimoh, editor da Nature Africa (Nig\u00e9ria)<\/span><\/span><\/li>\n<li><span style=\"vertical-align: inherit;\"><span style=\"vertical-align: inherit;\">Amy Maxmen, rep\u00f3rter s\u00eanior da Nature (EUA)<\/span><\/span><\/li>\n<li><span style=\"vertical-align: inherit;\"><span style=\"vertical-align: inherit;\">Josh Michaud, diretor associado de sa\u00fade global da Kaiser Family Foundation (EUA)<\/span><\/span><\/li>\n<li><span style=\"vertical-align: inherit;\"><span style=\"vertical-align: inherit;\">Mohammed Yahia, editor executivo da Nature Research no Oriente M\u00e9dio (Egito)<\/span><\/span><\/li>\n<\/ul>\n<p><span style=\"vertical-align: inherit;\"><span style=\"vertical-align: inherit;\">O Centro Knight publicou recentemente\u00a0 <\/span><\/span><a href=\"https:\/\/test-journalismcourses.pantheonsite.io\/news\/science-journalists-from-the-global-south-offer-tips-to-improve-the-coverage-of-covid-19-and-fight-misinformation\/\"><span style=\"vertical-align: inherit;\"><span style=\"vertical-align: inherit;\">briefings multil\u00edngues<\/span><\/span><\/a><span style=\"vertical-align: inherit;\"><span style=\"vertical-align: inherit;\"> com dicas e insights sobre a cobertura da COVID-19 no Sul Global. <\/span><span style=\"vertical-align: inherit;\">Esses briefings regionais, escritos por jornalistas cient\u00edficos baseados em cinco regi\u00f5es, est\u00e3o dispon\u00edveis para:<\/span><\/span><\/p>\n<ul>\n<li><span style=\"vertical-align: inherit;\"><span style=\"vertical-align: inherit;\">Am\u00e9rica Latina e Caribe (<\/span><\/span><a href=\"https:\/\/test-journalismcourses.pantheonsite.io\/es\/news\/como-los-periodistas-pueden-evitar-el-hype-al-cubrir-los-desarrollos-de-covid-19-en-america-latina\/\"><span style=\"vertical-align: inherit;\"><span style=\"vertical-align: inherit;\">espanhol<\/span><\/span><\/a><span style=\"vertical-align: inherit;\"><span style=\"vertical-align: inherit;\">, <\/span><\/span><a href=\"https:\/\/test-journalismcourses.pantheonsite.io\/pt-br\/news\/como-jornalistas-podem-evitar-o-hype-na-cobertura-da-covid-19-na-america-latina\/\"><span style=\"vertical-align: inherit;\"><span style=\"vertical-align: inherit;\">portugu\u00eas<\/span><\/span><\/a><span style=\"vertical-align: inherit;\"><span style=\"vertical-align: inherit;\">,\u00a0 <\/span><\/span><a href=\"https:\/\/test-journalismcourses.pantheonsite.io\/news\/how-journalists-can-avoid-the-hype-when-covering-covid-19-developments-in-latin-america\/\"><span style=\"vertical-align: inherit;\"><span style=\"vertical-align: inherit;\">ingl\u00eas)<\/span><\/span><\/a><\/li>\n<li><span style=\"vertical-align: inherit;\"><span style=\"vertical-align: inherit;\">Estados \u00c1rabes (<\/span><\/span><a href=\"https:\/\/test-journalismcourses.pantheonsite.io\/news\/%D8%A5%D8%B1%D8%B4%D8%A7%D8%AF%D8%A7%D8%AA-%D9%85%D9%87%D9%85%D8%A9-%D9%84%D8%AA%D8%BA%D8%B7%D9%8A%D8%A9-%D8%AA%D8%B7%D9%88%D8%B1%D8%A7%D8%AA-%D8%AC%D8%A7%D8%A6%D8%AD%D8%A9-%D9%83%D9%88%D8%B1%D9%88\/\"><span style=\"vertical-align: inherit;\"><span style=\"vertical-align: inherit;\">\u00e1rabe<\/span><\/span><\/a><span style=\"vertical-align: inherit;\"><span style=\"vertical-align: inherit;\">,\u00a0 <\/span><\/span><a href=\"https:\/\/test-journalismcourses.pantheonsite.io\/news\/conseils-pour-couvrir-les-developpements-de-covid-19-en-afrique-du-nord-et-au-moyen-orient\/\"><span style=\"vertical-align: inherit;\"><span style=\"vertical-align: inherit;\">franc\u00eas<\/span><\/span><\/a><span style=\"vertical-align: inherit;\"><span style=\"vertical-align: inherit;\">, <\/span><\/span><a href=\"https:\/\/test-journalismcourses.pantheonsite.io\/news\/tips-for-covering-covid-19-developments-in-north-africa-and-the-middle-east\/\"><span style=\"vertical-align: inherit;\"><span style=\"vertical-align: inherit;\">ingl\u00eas,<\/span><\/span><\/a> <a href=\"https:\/\/www.journalismcourses.org\/es\/news\/consejos-para-cubrir-los-desarrollos-de-covid-19-en-el-norte-de-africa-y-medio-oriente\/\"><span style=\"vertical-align: inherit;\"><span style=\"vertical-align: inherit;\">espanhol<\/span><\/span><\/a><span style=\"vertical-align: inherit;\"><span style=\"vertical-align: inherit;\">, <\/span><\/span><a href=\"https:\/\/test-journalismcourses.pantheonsite.io\/pt-br\/news\/dicas-para-cobrir-a-covid-19-no-norte-da-africa-e-no-oriente-medio\/\"><span style=\"vertical-align: inherit;\"><span style=\"vertical-align: inherit;\">portugu\u00eas<\/span><\/span><\/a><a href=\"https:\/\/test-journalismcourses.pantheonsite.io\/news\/tips-for-covering-covid-19-developments-in-north-africa-and-the-middle-east\/\"><span style=\"vertical-align: inherit;\"><span style=\"vertical-align: inherit;\">)<\/span><\/span><\/a><\/li>\n<li><span style=\"vertical-align: inherit;\"><span style=\"vertical-align: inherit;\">\u00c1frica Austral (<\/span><\/span><a href=\"https:\/\/test-journalismcourses.pantheonsite.io\/news\/need-and-greed-reporting-on-covid-19-in-southern-africa\/\"><span style=\"vertical-align: inherit;\"><span style=\"vertical-align: inherit;\">ingl\u00eas<\/span><\/span><\/a><span style=\"vertical-align: inherit;\"><span style=\"vertical-align: inherit;\">,\u00a0 <\/span><\/span><a href=\"https:\/\/test-journalismcourses.pantheonsite.io\/news\/le-besoin-et-la-cupidite-rapport-sur-le-covid-19-en-afrique-austral\/\"><span style=\"vertical-align: inherit;\"><span style=\"vertical-align: inherit;\">franc\u00eas,<\/span><\/span><\/a>\u00a0<a href=\"https:\/\/test-journalismcourses.pantheonsite.io\/es\/news\/need-and-greed-reporting-on-covid-19-in-southern-africa\/\"><span style=\"vertical-align: inherit;\"><span style=\"vertical-align: inherit;\">espanhol<\/span><\/span><\/a><span style=\"vertical-align: inherit;\"><span style=\"vertical-align: inherit;\">,\u00a0 <\/span><\/span><a href=\"https:\/\/test-journalismcourses.pantheonsite.io\/pt-br\/news\/necessidade-e-ganancia-cobrindo-a-covid-19-no-sul-da-africa\/\"><span style=\"vertical-align: inherit;\"><span style=\"vertical-align: inherit;\">portugu\u00eas<\/span><\/span><\/a><span style=\"vertical-align: inherit;\"><span style=\"vertical-align: inherit;\">)<\/span><\/span><\/li>\n<li><span style=\"vertical-align: inherit;\"><span style=\"vertical-align: inherit;\">\u00c1frica Ocidental (<\/span><\/span><a href=\"https:\/\/test-journalismcourses.pantheonsite.io\/news\/pitfalls-to-avoid-when-covering-covid-19-press-conferences-in-west-africa\/\"><span style=\"vertical-align: inherit;\"><span style=\"vertical-align: inherit;\">ingl\u00eas,<\/span><\/span><\/a> <a href=\"https:\/\/test-journalismcourses.pantheonsite.io\/news\/les-pieges-a-eviter-lors-dune-conference-de-presse-sur-le-covid-19\/\"><span style=\"vertical-align: inherit;\"><span style=\"vertical-align: inherit;\">franc\u00eas,<\/span><\/span><\/a>\u00a0\u00a0<a href=\"https:\/\/test-journalismcourses.pantheonsite.io\/es\/news\/como-evitar-errores-al-cubrir-ruedas-de-prensa-sobre-covid-19-en-africa-occidental\/\"><span style=\"vertical-align: inherit;\"><span style=\"vertical-align: inherit;\">espanhol<\/span><\/span><\/a><span style=\"vertical-align: inherit;\"><span style=\"vertical-align: inherit;\">, <\/span><\/span><a href=\"https:\/\/test-journalismcourses.pantheonsite.io\/pt-br\/news\/como-evitar-erros-ao-cobrir-covid-africa-ocidental\/\"><span style=\"vertical-align: inherit;\"><span style=\"vertical-align: inherit;\">portugu\u00eas<\/span><\/span><\/a><span style=\"vertical-align: inherit;\"><span style=\"vertical-align: inherit;\">)<\/span><\/span><\/li>\n<li><span style=\"vertical-align: inherit;\"><span style=\"vertical-align: inherit;\">\u00c1frica Oriental (<\/span><\/span><a href=\"https:\/\/test-journalismcourses.pantheonsite.io\/news\/reporting-on-vaccination-developments-and-low-vaccination-rates-in-eastern-africa\/\"><span style=\"vertical-align: inherit;\"><span style=\"vertical-align: inherit;\">ingl\u00eas<\/span><\/span><\/a><span style=\"vertical-align: inherit;\"><span style=\"vertical-align: inherit;\">,\u00a0 <\/span><\/span><a href=\"https:\/\/test-journalismcourses.pantheonsite.io\/es\/news\/cubrir-los-desarrollos-en-vacunacion-y-la-baja-tasa-de-inmunizacion-en-africa-oriental\/\"><span style=\"vertical-align: inherit;\"><span style=\"vertical-align: inherit;\">espanhol<\/span><\/span><\/a><span style=\"vertical-align: inherit;\"><span style=\"vertical-align: inherit;\">,\u00a0 <\/span><\/span><a href=\"https:\/\/test-journalismcourses.pantheonsite.io\/pt-br\/news\/como-fazer-reportagens-sobre-evolucao-da-imunizacao-e-baixas-taxas-de-vacinacao-na-africa-oriental\/\"><span style=\"vertical-align: inherit;\"><span style=\"vertical-align: inherit;\">portugu\u00eas<\/span><\/span><\/a><span style=\"vertical-align: inherit;\"><span style=\"vertical-align: inherit;\">)<\/span><\/span><\/li>\n<\/ul>\n<p><span style=\"vertical-align: inherit;\"><span style=\"vertical-align: inherit;\">As grava\u00e7\u00f5es multil\u00edngues do pr\u00f3ximo webinar ser\u00e3o adicionadas a um <em>hub<\/em> especial de\u00a0<\/span><\/span><a href=\"https:\/\/test-journalismcourses.pantheonsite.io\/coursecat\/journalism-in-a-pandemic\/\"><span style=\"vertical-align: inherit;\"><span style=\"vertical-align: inherit;\">cursos e recursos<\/span><\/span><\/a><span style=\"vertical-align: inherit;\"><span style=\"vertical-align: inherit;\"> sobre a cobertura da COVID-19, hospedado no site de Cursos de Jornalismo do Centro Knight. <\/span><span style=\"vertical-align: inherit;\">Este <em>hub<\/em> de materiais pedag\u00f3gicos tem links para os briefings, cursos autodirigidos sobre cobertura da pandemia e vacinas e o webinar do ano passado &#8220;<\/span><\/span><a href=\"https:\/\/www.youtube.com\/playlist?list=PL0tDk-f4v1uiewt7hp2BwC7Ut6FxYpRAR\"><span style=\"vertical-align: inherit;\"><span style=\"vertical-align: inherit;\">Cobrindo as vacinas contra a COVID-19: o que os jornalistas precisam saber&#8221;,<\/span><\/span><\/a><span style=\"vertical-align: inherit;\"><span style=\"vertical-align: inherit;\"> dispon\u00edvel em 13 idiomas. <\/span><span style=\"vertical-align: inherit;\">O <em>hub<\/em> foi criado pelo Centro Knight, em parceria com a UNESCO e com financiamento da Uni\u00e3o Europeia.<\/span><\/span><\/p>\n","protected":false},"excerpt":{"rendered":"<p>\u201cVariantes, vacinas e medicamentos: o que os jornalistas precisam saber para melhorar a cobertura da COVID-19\u201d ser\u00e1 realizado na quinta-feira, 27 de janeiro, das 12h \u00e0s 15h, hor\u00e1rio de Bras\u00edlia (GMT -6). Ser\u00e1 transmitido ao vivo pelo Zoom em ingl\u00eas, com tradu\u00e7\u00e3o simult\u00e2nea para \u00e1rabe, franc\u00eas, espanhol e portugu\u00eas.<\/p>\n","protected":false},"author":14,"featured_media":13860,"comment_status":"closed","ping_status":"closed","sticky":false,"template":"","format":"standard","meta":{"_acf_changed":false,"footnotes":""},"categories":[13],"tags":[63],"class_list":["post-13677","post","type-post","status-publish","format-standard","has-post-thumbnail","hentry","category-nao-categorizado","tag-covid-19-pt-br"],"acf":[],"yoast_head":"<!-- This site is optimized with the Yoast SEO Premium plugin v22.9 (Yoast SEO v27.3) - https:\/\/yoast.com\/product\/yoast-seo-premium-wordpress\/ -->\n<title>Como melhorar a cobertura da COVID-19: Webinar para jornalistas oferecido por UNESCO, OMS e Centro Knight. Inscreva-se gratuitamente agora! - Journalism Courses by Knight Center<\/title>\n<meta name=\"robots\" content=\"index, follow, max-snippet:-1, max-image-preview:large, max-video-preview:-1\" \/>\n<link rel=\"canonical\" href=\"https:\/\/journalismcourses.org\/pt-br\/como-melhorar-a-cobertura-da-covid-19-webinar-para-jornalistas-oferecido-por-unesco-oms-e-centro-knight-inscreva-se-gratuitamente-agora\/\" \/>\n<meta property=\"og:locale\" content=\"pt_BR\" \/>\n<meta property=\"og:type\" content=\"article\" \/>\n<meta property=\"og:title\" content=\"Como melhorar a cobertura da COVID-19: Webinar para jornalistas oferecido por UNESCO, OMS e Centro Knight. Inscreva-se gratuitamente agora!\" \/>\n<meta property=\"og:description\" content=\"\u201cVariantes, vacinas e medicamentos: o que os jornalistas precisam saber para melhorar a cobertura da COVID-19\u201d ser\u00e1 realizado na quinta-feira, 27 de janeiro, das 12h \u00e0s 15h, hor\u00e1rio de Bras\u00edlia (GMT -6). Ser\u00e1 transmitido ao vivo pelo Zoom em ingl\u00eas, com tradu\u00e7\u00e3o simult\u00e2nea para \u00e1rabe, franc\u00eas, espanhol e portugu\u00eas.\" \/>\n<meta property=\"og:url\" content=\"https:\/\/journalismcourses.org\/pt-br\/como-melhorar-a-cobertura-da-covid-19-webinar-para-jornalistas-oferecido-por-unesco-oms-e-centro-knight-inscreva-se-gratuitamente-agora\/\" \/>\n<meta property=\"og:site_name\" content=\"Journalism Courses by Knight Center\" \/>\n<meta property=\"article:published_time\" content=\"2022-01-15T15:34:19+00:00\" \/>\n<meta property=\"article:modified_time\" content=\"2022-01-24T17:15:23+00:00\" \/>\n<meta property=\"og:image\" content=\"https:\/\/live-journalismcourses.pantheonsite.io\/wp-content\/uploads\/2022\/01\/Webinar-507-banner-PT.jpg\" \/>\n\t<meta property=\"og:image:width\" content=\"2000\" \/>\n\t<meta property=\"og:image:height\" content=\"1341\" \/>\n\t<meta property=\"og:image:type\" content=\"image\/jpeg\" \/>\n<meta name=\"author\" content=\"Knight Center\" \/>\n<meta name=\"twitter:card\" content=\"summary_large_image\" \/>\n<meta name=\"twitter:label1\" content=\"Written by\" \/>\n\t<meta name=\"twitter:data1\" content=\"Knight Center\" \/>\n\t<meta name=\"twitter:label2\" content=\"Est. reading time\" \/>\n\t<meta name=\"twitter:data2\" content=\"4 minutos\" \/>\n<script type=\"application\/ld+json\" class=\"yoast-schema-graph\">{\"@context\":\"https:\\\/\\\/schema.org\",\"@graph\":[{\"@type\":\"Article\",\"@id\":\"https:\\\/\\\/journalismcourses.org\\\/pt-br\\\/como-melhorar-a-cobertura-da-covid-19-webinar-para-jornalistas-oferecido-por-unesco-oms-e-centro-knight-inscreva-se-gratuitamente-agora\\\/#article\",\"isPartOf\":{\"@id\":\"https:\\\/\\\/journalismcourses.org\\\/pt-br\\\/como-melhorar-a-cobertura-da-covid-19-webinar-para-jornalistas-oferecido-por-unesco-oms-e-centro-knight-inscreva-se-gratuitamente-agora\\\/\"},\"author\":{\"name\":\"Knight Center\",\"@id\":\"https:\\\/\\\/journalismcourses.org\\\/pt-br\\\/#\\\/schema\\\/person\\\/25bc79217508b12f5d9501892e385e40\"},\"headline\":\"Como melhorar a cobertura da COVID-19: Webinar para jornalistas oferecido por UNESCO, OMS e Centro Knight. Inscreva-se gratuitamente agora!\",\"datePublished\":\"2022-01-15T15:34:19+00:00\",\"dateModified\":\"2022-01-24T17:15:23+00:00\",\"mainEntityOfPage\":{\"@id\":\"https:\\\/\\\/journalismcourses.org\\\/pt-br\\\/como-melhorar-a-cobertura-da-covid-19-webinar-para-jornalistas-oferecido-por-unesco-oms-e-centro-knight-inscreva-se-gratuitamente-agora\\\/\"},\"wordCount\":870,\"image\":{\"@id\":\"https:\\\/\\\/journalismcourses.org\\\/pt-br\\\/como-melhorar-a-cobertura-da-covid-19-webinar-para-jornalistas-oferecido-por-unesco-oms-e-centro-knight-inscreva-se-gratuitamente-agora\\\/#primaryimage\"},\"thumbnailUrl\":\"https:\\\/\\\/journalismcourses.org\\\/wp-content\\\/uploads\\\/2022\\\/01\\\/Webinar-507-banner-PT.jpg\",\"keywords\":[\"COVID-19\"],\"articleSection\":[\"N\u00e3o categorizado\"],\"inLanguage\":\"pt-BR\"},{\"@type\":\"WebPage\",\"@id\":\"https:\\\/\\\/journalismcourses.org\\\/pt-br\\\/como-melhorar-a-cobertura-da-covid-19-webinar-para-jornalistas-oferecido-por-unesco-oms-e-centro-knight-inscreva-se-gratuitamente-agora\\\/\",\"url\":\"https:\\\/\\\/journalismcourses.org\\\/pt-br\\\/como-melhorar-a-cobertura-da-covid-19-webinar-para-jornalistas-oferecido-por-unesco-oms-e-centro-knight-inscreva-se-gratuitamente-agora\\\/\",\"name\":\"Como melhorar a cobertura da COVID-19: Webinar para jornalistas oferecido por UNESCO, OMS e Centro Knight. Inscreva-se gratuitamente agora! - Journalism Courses by Knight Center\",\"isPartOf\":{\"@id\":\"https:\\\/\\\/journalismcourses.org\\\/pt-br\\\/#website\"},\"primaryImageOfPage\":{\"@id\":\"https:\\\/\\\/journalismcourses.org\\\/pt-br\\\/como-melhorar-a-cobertura-da-covid-19-webinar-para-jornalistas-oferecido-por-unesco-oms-e-centro-knight-inscreva-se-gratuitamente-agora\\\/#primaryimage\"},\"image\":{\"@id\":\"https:\\\/\\\/journalismcourses.org\\\/pt-br\\\/como-melhorar-a-cobertura-da-covid-19-webinar-para-jornalistas-oferecido-por-unesco-oms-e-centro-knight-inscreva-se-gratuitamente-agora\\\/#primaryimage\"},\"thumbnailUrl\":\"https:\\\/\\\/journalismcourses.org\\\/wp-content\\\/uploads\\\/2022\\\/01\\\/Webinar-507-banner-PT.jpg\",\"datePublished\":\"2022-01-15T15:34:19+00:00\",\"dateModified\":\"2022-01-24T17:15:23+00:00\",\"author\":{\"@id\":\"https:\\\/\\\/journalismcourses.org\\\/pt-br\\\/#\\\/schema\\\/person\\\/25bc79217508b12f5d9501892e385e40\"},\"breadcrumb\":{\"@id\":\"https:\\\/\\\/journalismcourses.org\\\/pt-br\\\/como-melhorar-a-cobertura-da-covid-19-webinar-para-jornalistas-oferecido-por-unesco-oms-e-centro-knight-inscreva-se-gratuitamente-agora\\\/#breadcrumb\"},\"inLanguage\":\"pt-BR\",\"potentialAction\":[{\"@type\":\"ReadAction\",\"target\":[\"https:\\\/\\\/journalismcourses.org\\\/pt-br\\\/como-melhorar-a-cobertura-da-covid-19-webinar-para-jornalistas-oferecido-por-unesco-oms-e-centro-knight-inscreva-se-gratuitamente-agora\\\/\"]}]},{\"@type\":\"ImageObject\",\"inLanguage\":\"pt-BR\",\"@id\":\"https:\\\/\\\/journalismcourses.org\\\/pt-br\\\/como-melhorar-a-cobertura-da-covid-19-webinar-para-jornalistas-oferecido-por-unesco-oms-e-centro-knight-inscreva-se-gratuitamente-agora\\\/#primaryimage\",\"url\":\"https:\\\/\\\/journalismcourses.org\\\/wp-content\\\/uploads\\\/2022\\\/01\\\/Webinar-507-banner-PT.jpg\",\"contentUrl\":\"https:\\\/\\\/journalismcourses.org\\\/wp-content\\\/uploads\\\/2022\\\/01\\\/Webinar-507-banner-PT.jpg\",\"width\":2000,\"height\":1341,\"caption\":\"Webinar 507 banner PT\"},{\"@type\":\"BreadcrumbList\",\"@id\":\"https:\\\/\\\/journalismcourses.org\\\/pt-br\\\/como-melhorar-a-cobertura-da-covid-19-webinar-para-jornalistas-oferecido-por-unesco-oms-e-centro-knight-inscreva-se-gratuitamente-agora\\\/#breadcrumb\",\"itemListElement\":[{\"@type\":\"ListItem\",\"position\":1,\"name\":\"Home\",\"item\":\"https:\\\/\\\/journalismcourses.org\\\/pt-br\\\/\"},{\"@type\":\"ListItem\",\"position\":2,\"name\":\"Como melhorar a cobertura da COVID-19: Webinar para jornalistas oferecido por UNESCO, OMS e Centro Knight. Inscreva-se gratuitamente agora!\"}]},{\"@type\":\"WebSite\",\"@id\":\"https:\\\/\\\/journalismcourses.org\\\/pt-br\\\/#website\",\"url\":\"https:\\\/\\\/journalismcourses.org\\\/pt-br\\\/\",\"name\":\"Journalism Courses by Knight Center\",\"description\":\"Online courses for journalists\",\"potentialAction\":[{\"@type\":\"SearchAction\",\"target\":{\"@type\":\"EntryPoint\",\"urlTemplate\":\"https:\\\/\\\/journalismcourses.org\\\/pt-br\\\/?s={search_term_string}\"},\"query-input\":{\"@type\":\"PropertyValueSpecification\",\"valueRequired\":true,\"valueName\":\"search_term_string\"}}],\"inLanguage\":\"pt-BR\"},{\"@type\":\"Person\",\"@id\":\"https:\\\/\\\/journalismcourses.org\\\/pt-br\\\/#\\\/schema\\\/person\\\/25bc79217508b12f5d9501892e385e40\",\"name\":\"Knight Center\",\"image\":{\"@type\":\"ImageObject\",\"inLanguage\":\"pt-BR\",\"@id\":\"https:\\\/\\\/secure.gravatar.com\\\/avatar\\\/0836acbff0977073f1e36f3457d8748a2b9c85d9bb0cd0fedb308c4a19f826e2?s=96&d=mm&r=g\",\"url\":\"https:\\\/\\\/secure.gravatar.com\\\/avatar\\\/0836acbff0977073f1e36f3457d8748a2b9c85d9bb0cd0fedb308c4a19f826e2?s=96&d=mm&r=g\",\"contentUrl\":\"https:\\\/\\\/secure.gravatar.com\\\/avatar\\\/0836acbff0977073f1e36f3457d8748a2b9c85d9bb0cd0fedb308c4a19f826e2?s=96&d=mm&r=g\",\"caption\":\"Knight Center\"},\"url\":\"https:\\\/\\\/journalismcourses.org\\\/pt-br\\\/author\\\/knight-center\\\/\"}]}<\/script>\n<!-- \/ Yoast SEO Premium plugin. -->","yoast_head_json":{"title":"Como melhorar a cobertura da COVID-19: Webinar para jornalistas oferecido por UNESCO, OMS e Centro Knight. Inscreva-se gratuitamente agora! - Journalism Courses by Knight Center","robots":{"index":"index","follow":"follow","max-snippet":"max-snippet:-1","max-image-preview":"max-image-preview:large","max-video-preview":"max-video-preview:-1"},"canonical":"https:\/\/journalismcourses.org\/pt-br\/como-melhorar-a-cobertura-da-covid-19-webinar-para-jornalistas-oferecido-por-unesco-oms-e-centro-knight-inscreva-se-gratuitamente-agora\/","og_locale":"pt_BR","og_type":"article","og_title":"Como melhorar a cobertura da COVID-19: Webinar para jornalistas oferecido por UNESCO, OMS e Centro Knight. Inscreva-se gratuitamente agora!","og_description":"\u201cVariantes, vacinas e medicamentos: o que os jornalistas precisam saber para melhorar a cobertura da COVID-19\u201d ser\u00e1 realizado na quinta-feira, 27 de janeiro, das 12h \u00e0s 15h, hor\u00e1rio de Bras\u00edlia (GMT -6). Ser\u00e1 transmitido ao vivo pelo Zoom em ingl\u00eas, com tradu\u00e7\u00e3o simult\u00e2nea para \u00e1rabe, franc\u00eas, espanhol e portugu\u00eas.","og_url":"https:\/\/journalismcourses.org\/pt-br\/como-melhorar-a-cobertura-da-covid-19-webinar-para-jornalistas-oferecido-por-unesco-oms-e-centro-knight-inscreva-se-gratuitamente-agora\/","og_site_name":"Journalism Courses by Knight Center","article_published_time":"2022-01-15T15:34:19+00:00","article_modified_time":"2022-01-24T17:15:23+00:00","og_image":[{"width":2000,"height":1341,"url":"https:\/\/live-journalismcourses.pantheonsite.io\/wp-content\/uploads\/2022\/01\/Webinar-507-banner-PT.jpg","type":"image\/jpeg"}],"author":"Knight Center","twitter_card":"summary_large_image","twitter_misc":{"Written by":"Knight Center","Est. reading time":"4 minutos"},"schema":{"@context":"https:\/\/schema.org","@graph":[{"@type":"Article","@id":"https:\/\/journalismcourses.org\/pt-br\/como-melhorar-a-cobertura-da-covid-19-webinar-para-jornalistas-oferecido-por-unesco-oms-e-centro-knight-inscreva-se-gratuitamente-agora\/#article","isPartOf":{"@id":"https:\/\/journalismcourses.org\/pt-br\/como-melhorar-a-cobertura-da-covid-19-webinar-para-jornalistas-oferecido-por-unesco-oms-e-centro-knight-inscreva-se-gratuitamente-agora\/"},"author":{"name":"Knight Center","@id":"https:\/\/journalismcourses.org\/pt-br\/#\/schema\/person\/25bc79217508b12f5d9501892e385e40"},"headline":"Como melhorar a cobertura da COVID-19: Webinar para jornalistas oferecido por UNESCO, OMS e Centro Knight. Inscreva-se gratuitamente agora!","datePublished":"2022-01-15T15:34:19+00:00","dateModified":"2022-01-24T17:15:23+00:00","mainEntityOfPage":{"@id":"https:\/\/journalismcourses.org\/pt-br\/como-melhorar-a-cobertura-da-covid-19-webinar-para-jornalistas-oferecido-por-unesco-oms-e-centro-knight-inscreva-se-gratuitamente-agora\/"},"wordCount":870,"image":{"@id":"https:\/\/journalismcourses.org\/pt-br\/como-melhorar-a-cobertura-da-covid-19-webinar-para-jornalistas-oferecido-por-unesco-oms-e-centro-knight-inscreva-se-gratuitamente-agora\/#primaryimage"},"thumbnailUrl":"https:\/\/journalismcourses.org\/wp-content\/uploads\/2022\/01\/Webinar-507-banner-PT.jpg","keywords":["COVID-19"],"articleSection":["N\u00e3o categorizado"],"inLanguage":"pt-BR"},{"@type":"WebPage","@id":"https:\/\/journalismcourses.org\/pt-br\/como-melhorar-a-cobertura-da-covid-19-webinar-para-jornalistas-oferecido-por-unesco-oms-e-centro-knight-inscreva-se-gratuitamente-agora\/","url":"https:\/\/journalismcourses.org\/pt-br\/como-melhorar-a-cobertura-da-covid-19-webinar-para-jornalistas-oferecido-por-unesco-oms-e-centro-knight-inscreva-se-gratuitamente-agora\/","name":"Como melhorar a cobertura da COVID-19: Webinar para jornalistas oferecido por UNESCO, OMS e Centro Knight. Inscreva-se gratuitamente agora! - Journalism Courses by Knight Center","isPartOf":{"@id":"https:\/\/journalismcourses.org\/pt-br\/#website"},"primaryImageOfPage":{"@id":"https:\/\/journalismcourses.org\/pt-br\/como-melhorar-a-cobertura-da-covid-19-webinar-para-jornalistas-oferecido-por-unesco-oms-e-centro-knight-inscreva-se-gratuitamente-agora\/#primaryimage"},"image":{"@id":"https:\/\/journalismcourses.org\/pt-br\/como-melhorar-a-cobertura-da-covid-19-webinar-para-jornalistas-oferecido-por-unesco-oms-e-centro-knight-inscreva-se-gratuitamente-agora\/#primaryimage"},"thumbnailUrl":"https:\/\/journalismcourses.org\/wp-content\/uploads\/2022\/01\/Webinar-507-banner-PT.jpg","datePublished":"2022-01-15T15:34:19+00:00","dateModified":"2022-01-24T17:15:23+00:00","author":{"@id":"https:\/\/journalismcourses.org\/pt-br\/#\/schema\/person\/25bc79217508b12f5d9501892e385e40"},"breadcrumb":{"@id":"https:\/\/journalismcourses.org\/pt-br\/como-melhorar-a-cobertura-da-covid-19-webinar-para-jornalistas-oferecido-por-unesco-oms-e-centro-knight-inscreva-se-gratuitamente-agora\/#breadcrumb"},"inLanguage":"pt-BR","potentialAction":[{"@type":"ReadAction","target":["https:\/\/journalismcourses.org\/pt-br\/como-melhorar-a-cobertura-da-covid-19-webinar-para-jornalistas-oferecido-por-unesco-oms-e-centro-knight-inscreva-se-gratuitamente-agora\/"]}]},{"@type":"ImageObject","inLanguage":"pt-BR","@id":"https:\/\/journalismcourses.org\/pt-br\/como-melhorar-a-cobertura-da-covid-19-webinar-para-jornalistas-oferecido-por-unesco-oms-e-centro-knight-inscreva-se-gratuitamente-agora\/#primaryimage","url":"https:\/\/journalismcourses.org\/wp-content\/uploads\/2022\/01\/Webinar-507-banner-PT.jpg","contentUrl":"https:\/\/journalismcourses.org\/wp-content\/uploads\/2022\/01\/Webinar-507-banner-PT.jpg","width":2000,"height":1341,"caption":"Webinar 507 banner PT"},{"@type":"BreadcrumbList","@id":"https:\/\/journalismcourses.org\/pt-br\/como-melhorar-a-cobertura-da-covid-19-webinar-para-jornalistas-oferecido-por-unesco-oms-e-centro-knight-inscreva-se-gratuitamente-agora\/#breadcrumb","itemListElement":[{"@type":"ListItem","position":1,"name":"Home","item":"https:\/\/journalismcourses.org\/pt-br\/"},{"@type":"ListItem","position":2,"name":"Como melhorar a cobertura da COVID-19: Webinar para jornalistas oferecido por UNESCO, OMS e Centro Knight. Inscreva-se gratuitamente agora!"}]},{"@type":"WebSite","@id":"https:\/\/journalismcourses.org\/pt-br\/#website","url":"https:\/\/journalismcourses.org\/pt-br\/","name":"Journalism Courses by Knight Center","description":"Online courses for journalists","potentialAction":[{"@type":"SearchAction","target":{"@type":"EntryPoint","urlTemplate":"https:\/\/journalismcourses.org\/pt-br\/?s={search_term_string}"},"query-input":{"@type":"PropertyValueSpecification","valueRequired":true,"valueName":"search_term_string"}}],"inLanguage":"pt-BR"},{"@type":"Person","@id":"https:\/\/journalismcourses.org\/pt-br\/#\/schema\/person\/25bc79217508b12f5d9501892e385e40","name":"Knight Center","image":{"@type":"ImageObject","inLanguage":"pt-BR","@id":"https:\/\/secure.gravatar.com\/avatar\/0836acbff0977073f1e36f3457d8748a2b9c85d9bb0cd0fedb308c4a19f826e2?s=96&d=mm&r=g","url":"https:\/\/secure.gravatar.com\/avatar\/0836acbff0977073f1e36f3457d8748a2b9c85d9bb0cd0fedb308c4a19f826e2?s=96&d=mm&r=g","contentUrl":"https:\/\/secure.gravatar.com\/avatar\/0836acbff0977073f1e36f3457d8748a2b9c85d9bb0cd0fedb308c4a19f826e2?s=96&d=mm&r=g","caption":"Knight Center"},"url":"https:\/\/journalismcourses.org\/pt-br\/author\/knight-center\/"}]}},"_links":{"self":[{"href":"https:\/\/journalismcourses.org\/pt-br\/wp-json\/wp\/v2\/posts\/13677","targetHints":{"allow":["GET"]}}],"collection":[{"href":"https:\/\/journalismcourses.org\/pt-br\/wp-json\/wp\/v2\/posts"}],"about":[{"href":"https:\/\/journalismcourses.org\/pt-br\/wp-json\/wp\/v2\/types\/post"}],"author":[{"embeddable":true,"href":"https:\/\/journalismcourses.org\/pt-br\/wp-json\/wp\/v2\/users\/14"}],"replies":[{"embeddable":true,"href":"https:\/\/journalismcourses.org\/pt-br\/wp-json\/wp\/v2\/comments?post=13677"}],"version-history":[{"count":12,"href":"https:\/\/journalismcourses.org\/pt-br\/wp-json\/wp\/v2\/posts\/13677\/revisions"}],"predecessor-version":[{"id":13927,"href":"https:\/\/journalismcourses.org\/pt-br\/wp-json\/wp\/v2\/posts\/13677\/revisions\/13927"}],"wp:featuredmedia":[{"embeddable":true,"href":"https:\/\/journalismcourses.org\/pt-br\/wp-json\/wp\/v2\/media\/13860"}],"wp:attachment":[{"href":"https:\/\/journalismcourses.org\/pt-br\/wp-json\/wp\/v2\/media?parent=13677"}],"wp:term":[{"taxonomy":"category","embeddable":true,"href":"https:\/\/journalismcourses.org\/pt-br\/wp-json\/wp\/v2\/categories?post=13677"},{"taxonomy":"post_tag","embeddable":true,"href":"https:\/\/journalismcourses.org\/pt-br\/wp-json\/wp\/v2\/tags?post=13677"}],"curies":[{"name":"wp","href":"https:\/\/api.w.org\/{rel}","templated":true}]}}