{"id":7080,"date":"2010-10-05T14:32:18","date_gmt":"2010-10-05T19:32:18","guid":{"rendered":"https:\/\/www.journalismcourses.org\/news\/programa-de-capacitacion-para-periodistas-del-caribe-hace-hincapie-en-los-medios-digitales\/"},"modified":"2020-09-24T14:34:28","modified_gmt":"2020-09-24T19:34:28","slug":"programa-de-capacitacion-para-periodistas-del-caribe-hace-hincapie-en-los-medios-digitales","status":"publish","type":"post","link":"https:\/\/journalismcourses.org\/es\/programa-de-capacitacion-para-periodistas-del-caribe-hace-hincapie-en-los-medios-digitales\/","title":{"rendered":"Programa de capacitaci\u00f3n para periodistas del Caribe hace hincapi\u00e9 en los medios digitales"},"content":{"rendered":"<p>Periodistas representantes de una variedad de medios caribe\u00f1os y provenientes de 10 pa\u00edses asistieron a un programa especial ofrecido por la\u00a0<a href=\"http:\/\/www.acmediaworkers.com\/\">Asociaci\u00f3n de Trabajadores de los Medios Caribe\u00f1os<\/a>\u00a0(ACM por sus siglas en ingl\u00e9s) en conjunto con el Centro Knight para el Periodismo en las Am\u00e9ricas.<\/p>\n<p>El programa realizado en septiembre, con un mes de duraci\u00f3n, trato sobre varios temas: incluyendo el uso de medios digitales, reporte en tecnolog\u00edas de la informaci\u00f3n y comunicaci\u00f3n, \u00e9tica para periodistas en la era digital, redes sociales y noticias, escritura para la web, narrativa digital, multimedia y medios de distribuci\u00f3n informativos en el siglo XXI.<a href=\"http:\/\/www.acmediaworkers.com\/\"><img fetchpriority=\"high\" decoding=\"async\" class=\"alignright\" src=\"http:\/\/farm5.static.flickr.com\/4089\/5060378419_bbe410cf04_z.jpg\" alt=\"ACM Logo1 (new)\" width=\"320\" height=\"295\" align=\"right\" \/><\/a><\/p>\n<p>\u201cEl programa fue una excelente oportunidad de aprendizaje,\u201d coment\u00f3 Iva Wharton, periodista televisiva de Guyana. \u201cAhora creo poder aportar m\u00e1s a la redacci\u00f3n en lo que concierne a llevar a m\u00e1s gente nuestras historias\u201d.<\/p>\n<p>En Trinidad, doce periodistas de los principales medios impresos y televisivos participaron del programa. A ellos se unieron, a trav\u00e9s del componente en l\u00ednea prove\u00eddo por el Centro Knight, por catorce periodistas de Tobago y colegas de Jamaica, Barbados, Dominica, San Mart\u00edn, San Vicente y las Granadinas, Antigua y Barbuda y Guayana.<\/p>\n<p>\u201cEl curso fue muy oportuno considerando que el mercado objetivo est\u00e1 en transici\u00f3n y hay un nuevo llamado por elevar los est\u00e1ndares period\u00edsticos,\u201d coment\u00f3 el periodista multimedia Naylan Dwarika de Trinidad y Tobago. \u201cEl uso de la tecnolog\u00eda en el curso fue muy apropiado. Tambi\u00e9n se nos concientiz\u00f3 sobre los fundamentos de la profesi\u00f3n, de manera que la calidad de nuestro trabajo sea mejor.\u201d<\/p>\n<p>Wesley Gibbings, presidente de la ACM, qued\u00f3 satisfecho con los resultados del curso.<\/p>\n<p>\u201cCreo que este programa entrega a los participantes una exposici\u00f3n comprensiva sobre los principios b\u00e1sicos de un periodismo s\u00f3lido, y los requerimientos espec\u00edficos en el cambiante panorama de los medios.<\/p>\n<p>Pudimos reunir a practicantes respetados e independientes con muchos a\u00f1os de experiencia, que han estado en contacto con j\u00f3venes profesionales durante las sesiones cara a cara. A trav\u00e9s del componente en l\u00ednea del curso, un grupo m\u00e1s amplio de periodistas caribe\u00f1os pudo interactuar con instructores que fueron puestos a disposici\u00f3n por el Centro Knight.\u201d<\/p>\n<p>El programa especial en l\u00ednea fue desarrollado para ayudar a los periodistas a comprender el cambiante panorama medi\u00e1tico a nivel dom\u00e9stico e internacional, los desarrollos tecnol\u00f3gicos, las nuevas demandas profesionales y los nuevos temas emergentes de desarrollo. Combin\u00f3 aspectos fundamentales del entrenamiento period\u00edstico con herramientas intermedias concernientes a los aspectos t\u00e9cnicos de la impresi\u00f3n y publicaci\u00f3n en l\u00ednea as\u00ed como la producci\u00f3n de transmisiones period\u00edsticas.<\/p>\n<p>El productor independiente de la radio Garfield King, quedo impresionado con la combinaci\u00f3n de los m\u00e9todos cara a cara y en l\u00ednea del curso.<\/p>\n<p>\u201cLa combinaci\u00f3n de sesiones cara a cara y en l\u00ednea prob\u00f3 ser efectiva. Las d\u00e9cadas de experiencia compartida por los veteranos de los medios, forj\u00f3 un marco hist\u00f3rico relevante para explorar las dimensiones y contextos locales,\u201d coment\u00f3.<\/p>\n<p>\u201cEl componente en l\u00ednea facilitado por el Centro Knight provey\u00f3 a los periodistas de una mirada global sobre el escenario medi\u00e1tico, as\u00ed como ideas sobre los desaf\u00edos que enfrentan los periodistas y el periodismo en la era digital. El curso period\u00edstico en l\u00ednea puede tambi\u00e9n motivar a los participantes a expandir su perspectiva sobre el periodismo con la finalidad de que pueda ser contemplado como una carrera a largo plazo, debido a las posibilidades de innovaci\u00f3n en el \u00e1rea.<\/p>\n<p>Gibbings, el presidente de la ACM, se mostr\u00f3 entusiasmado con el impacto que el curso tendr\u00e1 sobre los periodistas.<\/p>\n<p>\u201cEsta fue una experiencia \u00fanica para los j\u00f3venes periodistas caribe\u00f1os y yo estoy contento de haber podido movilizar a la comunidad empresarial y period\u00edstica locales para hacer posible esta experiencia.\u201d<br \/>\nEl programa recibi\u00f3 el apoyo de la\u00a0<a href=\"http:\/\/www.ttpba.org.tt\/\">Asociaci\u00f3n de Editores y Comunicadores de Trinidad y Tobago<\/a>\u00a0(TTPBA por sus siglas en ingl\u00e9s), de la\u00a0<a href=\"http:\/\/mediatrinbago.wordpress.com\/\">Asociaci\u00f3n Medi\u00e1tica de Trinidad y Tobago<\/a>\u00a0(MATT por sus siglas en ingl\u00e9s) y de los\u00a0<a href=\"http:\/\/www.tstt.co.tt\/\">Servicios de Telecomunicaci\u00f3n de Trinidad y Tobago<\/a>\u00a0(TSTT por sus siglas en ingl\u00e9s).<\/p>\n","protected":false},"excerpt":{"rendered":"<p>Periodistas representantes de una variedad de medios caribe\u00f1os y provenientes de 10 pa\u00edses asistieron a un programa especial ofrecido por la\u00a0Asociaci\u00f3n de Trabajadores de los Medios Caribe\u00f1os\u00a0(ACM por sus siglas en ingl\u00e9s) en conjunto con el Centro Knight para el Periodismo en las Am\u00e9ricas. El programa realizado en septiembre, con un mes de duraci\u00f3n, trato [&hellip;]<\/p>\n","protected":false},"author":14,"featured_media":7078,"comment_status":"closed","ping_status":"closed","sticky":false,"template":"","format":"standard","meta":{"_acf_changed":false,"footnotes":""},"categories":[14],"tags":[],"class_list":["post-7080","post","type-post","status-publish","format-standard","has-post-thumbnail","hentry","category-sin-categorizar"],"acf":[],"yoast_head":"<!-- This site is optimized with the Yoast SEO Premium plugin v22.9 (Yoast SEO v27.3) - https:\/\/yoast.com\/product\/yoast-seo-premium-wordpress\/ -->\n<title>Programa de capacitaci\u00f3n para periodistas del Caribe hace hincapi\u00e9 en los medios digitales - Journalism Courses by Knight Center<\/title>\n<meta name=\"robots\" content=\"index, follow, max-snippet:-1, max-image-preview:large, max-video-preview:-1\" \/>\n<link rel=\"canonical\" href=\"https:\/\/journalismcourses.org\/es\/programa-de-capacitacion-para-periodistas-del-caribe-hace-hincapie-en-los-medios-digitales\/\" \/>\n<meta property=\"og:locale\" content=\"es_ES\" \/>\n<meta property=\"og:type\" content=\"article\" \/>\n<meta property=\"og:title\" content=\"Programa de capacitaci\u00f3n para periodistas del Caribe hace hincapi\u00e9 en los medios digitales\" \/>\n<meta property=\"og:description\" content=\"Periodistas representantes de una variedad de medios caribe\u00f1os y provenientes de 10 pa\u00edses asistieron a un programa especial ofrecido por la\u00a0Asociaci\u00f3n de Trabajadores de los Medios Caribe\u00f1os\u00a0(ACM por sus siglas en ingl\u00e9s) en conjunto con el Centro Knight para el Periodismo en las Am\u00e9ricas. El programa realizado en septiembre, con un mes de duraci\u00f3n, trato [&hellip;]\" \/>\n<meta property=\"og:url\" content=\"https:\/\/journalismcourses.org\/es\/programa-de-capacitacion-para-periodistas-del-caribe-hace-hincapie-en-los-medios-digitales\/\" \/>\n<meta property=\"og:site_name\" content=\"Journalism Courses by Knight Center\" \/>\n<meta property=\"article:published_time\" content=\"2010-10-05T19:32:18+00:00\" \/>\n<meta property=\"article:modified_time\" content=\"2020-09-24T19:34:28+00:00\" \/>\n<meta property=\"og:image\" content=\"http:\/\/journalismcourses.org\/wp-content\/uploads\/2020\/09\/Association.jpg\" \/>\n\t<meta property=\"og:image:width\" content=\"639\" \/>\n\t<meta property=\"og:image:height\" content=\"593\" \/>\n\t<meta property=\"og:image:type\" content=\"image\/jpeg\" \/>\n<meta name=\"author\" content=\"Knight Center\" \/>\n<meta name=\"twitter:card\" content=\"summary_large_image\" \/>\n<meta name=\"twitter:label1\" content=\"Written by\" \/>\n\t<meta name=\"twitter:data1\" content=\"Knight Center\" \/>\n\t<meta name=\"twitter:label2\" content=\"Est. reading time\" \/>\n\t<meta name=\"twitter:data2\" content=\"4 minutos\" \/>\n<script type=\"application\/ld+json\" class=\"yoast-schema-graph\">{\"@context\":\"https:\\\/\\\/schema.org\",\"@graph\":[{\"@type\":\"Article\",\"@id\":\"https:\\\/\\\/journalismcourses.org\\\/es\\\/programa-de-capacitacion-para-periodistas-del-caribe-hace-hincapie-en-los-medios-digitales\\\/#article\",\"isPartOf\":{\"@id\":\"https:\\\/\\\/journalismcourses.org\\\/es\\\/programa-de-capacitacion-para-periodistas-del-caribe-hace-hincapie-en-los-medios-digitales\\\/\"},\"author\":{\"name\":\"Knight Center\",\"@id\":\"https:\\\/\\\/journalismcourses.org\\\/es\\\/#\\\/schema\\\/person\\\/25bc79217508b12f5d9501892e385e40\"},\"headline\":\"Programa de capacitaci\u00f3n para periodistas del Caribe hace hincapi\u00e9 en los medios digitales\",\"datePublished\":\"2010-10-05T19:32:18+00:00\",\"dateModified\":\"2020-09-24T19:34:28+00:00\",\"mainEntityOfPage\":{\"@id\":\"https:\\\/\\\/journalismcourses.org\\\/es\\\/programa-de-capacitacion-para-periodistas-del-caribe-hace-hincapie-en-los-medios-digitales\\\/\"},\"wordCount\":737,\"image\":{\"@id\":\"https:\\\/\\\/journalismcourses.org\\\/es\\\/programa-de-capacitacion-para-periodistas-del-caribe-hace-hincapie-en-los-medios-digitales\\\/#primaryimage\"},\"thumbnailUrl\":\"https:\\\/\\\/journalismcourses.org\\\/wp-content\\\/uploads\\\/2020\\\/09\\\/Association.jpg\",\"articleSection\":[\"Sin categorizar\"],\"inLanguage\":\"es\"},{\"@type\":\"WebPage\",\"@id\":\"https:\\\/\\\/journalismcourses.org\\\/es\\\/programa-de-capacitacion-para-periodistas-del-caribe-hace-hincapie-en-los-medios-digitales\\\/\",\"url\":\"https:\\\/\\\/journalismcourses.org\\\/es\\\/programa-de-capacitacion-para-periodistas-del-caribe-hace-hincapie-en-los-medios-digitales\\\/\",\"name\":\"Programa de capacitaci\u00f3n para periodistas del Caribe hace hincapi\u00e9 en los medios digitales - Journalism Courses by Knight Center\",\"isPartOf\":{\"@id\":\"https:\\\/\\\/journalismcourses.org\\\/es\\\/#website\"},\"primaryImageOfPage\":{\"@id\":\"https:\\\/\\\/journalismcourses.org\\\/es\\\/programa-de-capacitacion-para-periodistas-del-caribe-hace-hincapie-en-los-medios-digitales\\\/#primaryimage\"},\"image\":{\"@id\":\"https:\\\/\\\/journalismcourses.org\\\/es\\\/programa-de-capacitacion-para-periodistas-del-caribe-hace-hincapie-en-los-medios-digitales\\\/#primaryimage\"},\"thumbnailUrl\":\"https:\\\/\\\/journalismcourses.org\\\/wp-content\\\/uploads\\\/2020\\\/09\\\/Association.jpg\",\"datePublished\":\"2010-10-05T19:32:18+00:00\",\"dateModified\":\"2020-09-24T19:34:28+00:00\",\"author\":{\"@id\":\"https:\\\/\\\/journalismcourses.org\\\/es\\\/#\\\/schema\\\/person\\\/25bc79217508b12f5d9501892e385e40\"},\"breadcrumb\":{\"@id\":\"https:\\\/\\\/journalismcourses.org\\\/es\\\/programa-de-capacitacion-para-periodistas-del-caribe-hace-hincapie-en-los-medios-digitales\\\/#breadcrumb\"},\"inLanguage\":\"es\",\"potentialAction\":[{\"@type\":\"ReadAction\",\"target\":[\"https:\\\/\\\/journalismcourses.org\\\/es\\\/programa-de-capacitacion-para-periodistas-del-caribe-hace-hincapie-en-los-medios-digitales\\\/\"]}]},{\"@type\":\"ImageObject\",\"inLanguage\":\"es\",\"@id\":\"https:\\\/\\\/journalismcourses.org\\\/es\\\/programa-de-capacitacion-para-periodistas-del-caribe-hace-hincapie-en-los-medios-digitales\\\/#primaryimage\",\"url\":\"https:\\\/\\\/journalismcourses.org\\\/wp-content\\\/uploads\\\/2020\\\/09\\\/Association.jpg\",\"contentUrl\":\"https:\\\/\\\/journalismcourses.org\\\/wp-content\\\/uploads\\\/2020\\\/09\\\/Association.jpg\",\"width\":639,\"height\":593,\"caption\":\"Association of Caribbean Mediaworkers\"},{\"@type\":\"BreadcrumbList\",\"@id\":\"https:\\\/\\\/journalismcourses.org\\\/es\\\/programa-de-capacitacion-para-periodistas-del-caribe-hace-hincapie-en-los-medios-digitales\\\/#breadcrumb\",\"itemListElement\":[{\"@type\":\"ListItem\",\"position\":1,\"name\":\"Home\",\"item\":\"https:\\\/\\\/journalismcourses.org\\\/es\\\/\"},{\"@type\":\"ListItem\",\"position\":2,\"name\":\"Programa de capacitaci\u00f3n para periodistas del Caribe hace hincapi\u00e9 en los medios digitales\"}]},{\"@type\":\"WebSite\",\"@id\":\"https:\\\/\\\/journalismcourses.org\\\/es\\\/#website\",\"url\":\"https:\\\/\\\/journalismcourses.org\\\/es\\\/\",\"name\":\"Journalism Courses by Knight Center\",\"description\":\"Online courses for journalists\",\"potentialAction\":[{\"@type\":\"SearchAction\",\"target\":{\"@type\":\"EntryPoint\",\"urlTemplate\":\"https:\\\/\\\/journalismcourses.org\\\/es\\\/?s={search_term_string}\"},\"query-input\":{\"@type\":\"PropertyValueSpecification\",\"valueRequired\":true,\"valueName\":\"search_term_string\"}}],\"inLanguage\":\"es\"},{\"@type\":\"Person\",\"@id\":\"https:\\\/\\\/journalismcourses.org\\\/es\\\/#\\\/schema\\\/person\\\/25bc79217508b12f5d9501892e385e40\",\"name\":\"Knight Center\",\"image\":{\"@type\":\"ImageObject\",\"inLanguage\":\"es\",\"@id\":\"https:\\\/\\\/secure.gravatar.com\\\/avatar\\\/0836acbff0977073f1e36f3457d8748a2b9c85d9bb0cd0fedb308c4a19f826e2?s=96&d=mm&r=g\",\"url\":\"https:\\\/\\\/secure.gravatar.com\\\/avatar\\\/0836acbff0977073f1e36f3457d8748a2b9c85d9bb0cd0fedb308c4a19f826e2?s=96&d=mm&r=g\",\"contentUrl\":\"https:\\\/\\\/secure.gravatar.com\\\/avatar\\\/0836acbff0977073f1e36f3457d8748a2b9c85d9bb0cd0fedb308c4a19f826e2?s=96&d=mm&r=g\",\"caption\":\"Knight Center\"},\"url\":\"https:\\\/\\\/journalismcourses.org\\\/es\\\/author\\\/knight-center\\\/\"}]}<\/script>\n<!-- \/ Yoast SEO Premium plugin. -->","yoast_head_json":{"title":"Programa de capacitaci\u00f3n para periodistas del Caribe hace hincapi\u00e9 en los medios digitales - Journalism Courses by Knight Center","robots":{"index":"index","follow":"follow","max-snippet":"max-snippet:-1","max-image-preview":"max-image-preview:large","max-video-preview":"max-video-preview:-1"},"canonical":"https:\/\/journalismcourses.org\/es\/programa-de-capacitacion-para-periodistas-del-caribe-hace-hincapie-en-los-medios-digitales\/","og_locale":"es_ES","og_type":"article","og_title":"Programa de capacitaci\u00f3n para periodistas del Caribe hace hincapi\u00e9 en los medios digitales","og_description":"Periodistas representantes de una variedad de medios caribe\u00f1os y provenientes de 10 pa\u00edses asistieron a un programa especial ofrecido por la\u00a0Asociaci\u00f3n de Trabajadores de los Medios Caribe\u00f1os\u00a0(ACM por sus siglas en ingl\u00e9s) en conjunto con el Centro Knight para el Periodismo en las Am\u00e9ricas. El programa realizado en septiembre, con un mes de duraci\u00f3n, trato [&hellip;]","og_url":"https:\/\/journalismcourses.org\/es\/programa-de-capacitacion-para-periodistas-del-caribe-hace-hincapie-en-los-medios-digitales\/","og_site_name":"Journalism Courses by Knight Center","article_published_time":"2010-10-05T19:32:18+00:00","article_modified_time":"2020-09-24T19:34:28+00:00","og_image":[{"width":639,"height":593,"url":"http:\/\/journalismcourses.org\/wp-content\/uploads\/2020\/09\/Association.jpg","type":"image\/jpeg"}],"author":"Knight Center","twitter_card":"summary_large_image","twitter_misc":{"Written by":"Knight Center","Est. reading time":"4 minutos"},"schema":{"@context":"https:\/\/schema.org","@graph":[{"@type":"Article","@id":"https:\/\/journalismcourses.org\/es\/programa-de-capacitacion-para-periodistas-del-caribe-hace-hincapie-en-los-medios-digitales\/#article","isPartOf":{"@id":"https:\/\/journalismcourses.org\/es\/programa-de-capacitacion-para-periodistas-del-caribe-hace-hincapie-en-los-medios-digitales\/"},"author":{"name":"Knight Center","@id":"https:\/\/journalismcourses.org\/es\/#\/schema\/person\/25bc79217508b12f5d9501892e385e40"},"headline":"Programa de capacitaci\u00f3n para periodistas del Caribe hace hincapi\u00e9 en los medios digitales","datePublished":"2010-10-05T19:32:18+00:00","dateModified":"2020-09-24T19:34:28+00:00","mainEntityOfPage":{"@id":"https:\/\/journalismcourses.org\/es\/programa-de-capacitacion-para-periodistas-del-caribe-hace-hincapie-en-los-medios-digitales\/"},"wordCount":737,"image":{"@id":"https:\/\/journalismcourses.org\/es\/programa-de-capacitacion-para-periodistas-del-caribe-hace-hincapie-en-los-medios-digitales\/#primaryimage"},"thumbnailUrl":"https:\/\/journalismcourses.org\/wp-content\/uploads\/2020\/09\/Association.jpg","articleSection":["Sin categorizar"],"inLanguage":"es"},{"@type":"WebPage","@id":"https:\/\/journalismcourses.org\/es\/programa-de-capacitacion-para-periodistas-del-caribe-hace-hincapie-en-los-medios-digitales\/","url":"https:\/\/journalismcourses.org\/es\/programa-de-capacitacion-para-periodistas-del-caribe-hace-hincapie-en-los-medios-digitales\/","name":"Programa de capacitaci\u00f3n para periodistas del Caribe hace hincapi\u00e9 en los medios digitales - Journalism Courses by Knight Center","isPartOf":{"@id":"https:\/\/journalismcourses.org\/es\/#website"},"primaryImageOfPage":{"@id":"https:\/\/journalismcourses.org\/es\/programa-de-capacitacion-para-periodistas-del-caribe-hace-hincapie-en-los-medios-digitales\/#primaryimage"},"image":{"@id":"https:\/\/journalismcourses.org\/es\/programa-de-capacitacion-para-periodistas-del-caribe-hace-hincapie-en-los-medios-digitales\/#primaryimage"},"thumbnailUrl":"https:\/\/journalismcourses.org\/wp-content\/uploads\/2020\/09\/Association.jpg","datePublished":"2010-10-05T19:32:18+00:00","dateModified":"2020-09-24T19:34:28+00:00","author":{"@id":"https:\/\/journalismcourses.org\/es\/#\/schema\/person\/25bc79217508b12f5d9501892e385e40"},"breadcrumb":{"@id":"https:\/\/journalismcourses.org\/es\/programa-de-capacitacion-para-periodistas-del-caribe-hace-hincapie-en-los-medios-digitales\/#breadcrumb"},"inLanguage":"es","potentialAction":[{"@type":"ReadAction","target":["https:\/\/journalismcourses.org\/es\/programa-de-capacitacion-para-periodistas-del-caribe-hace-hincapie-en-los-medios-digitales\/"]}]},{"@type":"ImageObject","inLanguage":"es","@id":"https:\/\/journalismcourses.org\/es\/programa-de-capacitacion-para-periodistas-del-caribe-hace-hincapie-en-los-medios-digitales\/#primaryimage","url":"https:\/\/journalismcourses.org\/wp-content\/uploads\/2020\/09\/Association.jpg","contentUrl":"https:\/\/journalismcourses.org\/wp-content\/uploads\/2020\/09\/Association.jpg","width":639,"height":593,"caption":"Association of Caribbean Mediaworkers"},{"@type":"BreadcrumbList","@id":"https:\/\/journalismcourses.org\/es\/programa-de-capacitacion-para-periodistas-del-caribe-hace-hincapie-en-los-medios-digitales\/#breadcrumb","itemListElement":[{"@type":"ListItem","position":1,"name":"Home","item":"https:\/\/journalismcourses.org\/es\/"},{"@type":"ListItem","position":2,"name":"Programa de capacitaci\u00f3n para periodistas del Caribe hace hincapi\u00e9 en los medios digitales"}]},{"@type":"WebSite","@id":"https:\/\/journalismcourses.org\/es\/#website","url":"https:\/\/journalismcourses.org\/es\/","name":"Journalism Courses by Knight Center","description":"Online courses for journalists","potentialAction":[{"@type":"SearchAction","target":{"@type":"EntryPoint","urlTemplate":"https:\/\/journalismcourses.org\/es\/?s={search_term_string}"},"query-input":{"@type":"PropertyValueSpecification","valueRequired":true,"valueName":"search_term_string"}}],"inLanguage":"es"},{"@type":"Person","@id":"https:\/\/journalismcourses.org\/es\/#\/schema\/person\/25bc79217508b12f5d9501892e385e40","name":"Knight Center","image":{"@type":"ImageObject","inLanguage":"es","@id":"https:\/\/secure.gravatar.com\/avatar\/0836acbff0977073f1e36f3457d8748a2b9c85d9bb0cd0fedb308c4a19f826e2?s=96&d=mm&r=g","url":"https:\/\/secure.gravatar.com\/avatar\/0836acbff0977073f1e36f3457d8748a2b9c85d9bb0cd0fedb308c4a19f826e2?s=96&d=mm&r=g","contentUrl":"https:\/\/secure.gravatar.com\/avatar\/0836acbff0977073f1e36f3457d8748a2b9c85d9bb0cd0fedb308c4a19f826e2?s=96&d=mm&r=g","caption":"Knight Center"},"url":"https:\/\/journalismcourses.org\/es\/author\/knight-center\/"}]}},"_links":{"self":[{"href":"https:\/\/journalismcourses.org\/es\/wp-json\/wp\/v2\/posts\/7080","targetHints":{"allow":["GET"]}}],"collection":[{"href":"https:\/\/journalismcourses.org\/es\/wp-json\/wp\/v2\/posts"}],"about":[{"href":"https:\/\/journalismcourses.org\/es\/wp-json\/wp\/v2\/types\/post"}],"author":[{"embeddable":true,"href":"https:\/\/journalismcourses.org\/es\/wp-json\/wp\/v2\/users\/14"}],"replies":[{"embeddable":true,"href":"https:\/\/journalismcourses.org\/es\/wp-json\/wp\/v2\/comments?post=7080"}],"version-history":[{"count":1,"href":"https:\/\/journalismcourses.org\/es\/wp-json\/wp\/v2\/posts\/7080\/revisions"}],"predecessor-version":[{"id":7082,"href":"https:\/\/journalismcourses.org\/es\/wp-json\/wp\/v2\/posts\/7080\/revisions\/7082"}],"wp:featuredmedia":[{"embeddable":true,"href":"https:\/\/journalismcourses.org\/es\/wp-json\/wp\/v2\/media\/7078"}],"wp:attachment":[{"href":"https:\/\/journalismcourses.org\/es\/wp-json\/wp\/v2\/media?parent=7080"}],"wp:term":[{"taxonomy":"category","embeddable":true,"href":"https:\/\/journalismcourses.org\/es\/wp-json\/wp\/v2\/categories?post=7080"},{"taxonomy":"post_tag","embeddable":true,"href":"https:\/\/journalismcourses.org\/es\/wp-json\/wp\/v2\/tags?post=7080"}],"curies":[{"name":"wp","href":"https:\/\/api.w.org\/{rel}","templated":true}]}}